{"id":5423,"date":"2026-08-31T10:37:54","date_gmt":"2026-08-31T08:37:54","guid":{"rendered":"https:\/\/snudifo47.net\/new\/?p=5423"},"modified":"2026-08-31T10:43:24","modified_gmt":"2026-08-31T08:43:24","slug":"rentree-revendications","status":"publish","type":"post","link":"https:\/\/snudifo47.net\/new\/2026\/08\/31\/rentree-revendications\/","title":{"rendered":"Rentr\u00e9e = Revendications"},"content":{"rendered":"\n<p class=\"has-vivid-cyan-blue-background-color has-background has-medium-font-size wp-block-paragraph\"><strong><mark style=\"background-color:rgba(0, 0, 0, 0)\" class=\"has-inline-color has-vivid-red-color\">-> Effectifs, remplacement, AESH, inclusion, conditions de travail&#8230; Les revendications, c&rsquo;est maintenant<\/mark><\/strong><\/p>\n\n\n\n<p class=\"has-pale-pink-background-color has-background has-medium-font-size wp-block-paragraph\"><strong><mark style=\"background-color:rgba(0, 0, 0, 0)\" class=\"has-inline-color has-vivid-red-color\">-&gt;<\/mark> Qui dit rentr\u00e9e, dit <mark style=\"background-color:rgba(0, 0, 0, 0)\" class=\"has-inline-color has-vivid-red-color\">CAS de rentr\u00e9e<\/mark> : celui-ci se r\u00e9unit <mark style=\"background-color:rgba(0, 0, 0, 0)\" class=\"has-inline-color has-vivid-red-color\">jeudi 3 septembre \u00e0 14 h \u00e0 la DSDEN<\/mark>, avec \u00e0 son ordre du jour les ajustements de rentr\u00e9e en mati\u00e8re de carte scolaire. Refus de fermeture de classe, demande d&rsquo;ouverture ? Faites remonter aux syndicats votre situation. Le SNUDI<em><mark style=\"background-color:rgba(0, 0, 0, 0)\" class=\"has-inline-color has-vivid-red-color\">FO<\/mark><\/em>47 revendique l&rsquo;annulation des fermetures de classes et les ouvertures n\u00e9cessaires.<\/strong><\/p>\n\n\n\n<p class=\"has-medium-font-size wp-block-paragraph\">Canicules, incendies, s\u00e9cheresse&#8230; cet \u00e9t\u00e9 particulier a&nbsp;jet\u00e9 une lumi\u00e8re crue sur l&rsquo;incurie de ce gouvernement.&nbsp;Par son refus (et celui des gouvernements pr\u00e9c\u00e9dents) de d\u00e9gager les moyens n\u00e9cessaires, il est responsable du lourd tribu pay\u00e9 par la population : plus de 7 000 d\u00e9c\u00e8s suppl\u00e9mentaires (chiffre provisoire) li\u00e9 aux \u00e9pisodes de forte chaleur, des centaines de sinistr\u00e9s ayant perdu leur maison dans les incendies, des pompiers aux effectifs insuffisants, manquant cruellement de canadairs, de mat\u00e9riel, de protections&#8230;&nbsp;<\/p>\n\n\n\n<p class=\"has-medium-font-size wp-block-paragraph\">La col\u00e8re gronde : Le premier ministre Lecornu en a fait les frais le 17 ao\u00fbt en se rendant dans la commune sinistr\u00e9e du Porge. Quant aux pompiers, ils ont exprim\u00e9 leur d\u00e9ception au sortir de leur rencontre avec le ministre de l&rsquo;int\u00e9rieur le 13 ao\u00fbt, qui n&rsquo;a r\u00e9pondu sur aucune de leurs revendications. Tant et si bien que leurs 9 organisations syndicales ont d\u00e9cid\u00e9 dans l&rsquo;unit\u00e9 d&rsquo;appeler \u00e0 la gr\u00e8ve et \u00e0 la manifestation nationale des pompiers le 29 septembre, sur la base d&rsquo;une plate-forme revendicative pr\u00e9cise. Personnels et organisations syndicales de l&rsquo;Education nationale, cela ne devrait-il pas nous inspirer ?<\/p>\n\n\n\n<p class=\"has-medium-font-size wp-block-paragraph\">Car en cette rentr\u00e9e, nous allons \u00eatre confront\u00e9s aux difficult\u00e9s qui, malgr\u00e9 les fortes chaleurs, n&rsquo;auront pas fondu comme neige au soleil :&nbsp;<\/p>\n\n\n\n<p class=\"has-medium-font-size wp-block-paragraph\"><strong>&#8211;&nbsp;les 3 256 suppressions de postes ainsi que la mise en place des PAS, entra\u00eenant des milliers de fermeture de classes (21 dans notre d\u00e9partement) et la non ouverture des classes n\u00e9cessaires ;<\/strong><\/p>\n\n\n\n<p class=\"has-medium-font-size wp-block-paragraph\"><strong>&#8211; le manque cruel de rempla\u00e7ants ;<\/strong><\/p>\n\n\n\n<p class=\"has-medium-font-size wp-block-paragraph\"><strong>&#8211; les 30 000 \u00e9l\u00e8ves en situation de handicaps&nbsp;toujours priv\u00e9s des places dans les \u00e9tablissements sociaux et m\u00e9dico-sociaux auxquelles ils ont droit ;<\/strong><\/p>\n\n\n\n<p class=\"has-medium-font-size wp-block-paragraph\"><strong>&#8211; nos coll\u00e8gues AESH confront\u00e9s \u00e0 des avenants aggravant leurs conditions de travail et qui sont en nombre insuffisant, toujours priv\u00e9es d&rsquo;un v\u00e9ritable statut et d&rsquo;un v\u00e9ritable salaire ;<\/strong><\/p>\n\n\n\n<p class=\"has-medium-font-size wp-block-paragraph\"><strong>&#8211; des locaux scolaires v\u00e9ritables bouilloires thermiques car inadapt\u00e9s aux fortes chaleurs&#8230; (1)<\/strong><\/p>\n\n\n\n<p class=\"has-medium-font-size wp-block-paragraph\">A cela il faut ajouter la&nbsp;cyberattaque qui a touch\u00e9 le minist\u00e8re, lequel n\u2019a pas \u00e9t\u00e9 capable de conserver en s\u00e9curit\u00e9 les donn\u00e9es des personnels de l\u2019Education nationale. Dans certaines acad\u00e9mies, les personnels n\u2019ont toujours pas acc\u00e8s \u00e0 I-Prof ou \u00e0 Onde, les directrices et directeurs sont emp\u00each\u00e9s de pr\u00e9parer la rentr\u00e9e\u2026<\/p>\n\n\n\n<p class=\"has-medium-font-size wp-block-paragraph\">D\u00e9cid\u00e9ment, il n&rsquo;est aucun domaine o\u00f9 ne se manifeste l&rsquo;incurie de ce gouvernement.<\/p>\n\n\n\n<p class=\"has-medium-font-size wp-block-paragraph\">Cette situation d\u00e9sastreuse ne r\u00e9sulte d&rsquo;aucune fatalit\u00e9. Elle est la cons\u00e9quence d&rsquo;une politique qui d\u00e9gage, d\u00e9but juillet, 36 milliards d&rsquo;euros suppl\u00e9mentaires pour la loi de programmation militaire, mais qui sacrifie l&rsquo;\u00e9cole publique et l&rsquo;avenir des jeunes g\u00e9n\u00e9rations, et plus largement l&rsquo;ensemble des services publics (2).<\/p>\n\n\n\n<p class=\"has-medium-font-size wp-block-paragraph\">Alors oui, les pompiers ont raison, ils nous indiquent la voie \u00e0 suivre : la d\u00e9finition pr\u00e9cise de nos revendications en rapport avec les besoins pour r\u00e9tablir des conditions d&rsquo;enseignement et d&rsquo;apprentissage des \u00e9l\u00e8ves &#8211; de tous les \u00e9l\u00e8ves &#8211; dignes d&rsquo;une soci\u00e9t\u00e9 civilis\u00e9e ; et l&rsquo;engagement de l&rsquo;action dans l&rsquo;unit\u00e9 des organisations syndicales, avec les parents d&rsquo;\u00e9l\u00e8ves, pour construire le rapport de force qui fera c\u00e9der le gouvernement.<\/p>\n\n\n\n<p class=\"has-medium-font-size wp-block-paragraph\">C&rsquo;est sur cette ligne que le SNUDI<em>FO<\/em>47 aborde cette rentr\u00e9e scolaire.<\/p>\n\n\n\n<p class=\"has-medium-font-size wp-block-paragraph\"><strong>C&rsquo;est pourquoi il appelle les coll\u00e8gues enseignants et AESH, d\u00e8s la pr\u00e9rentr\u00e9e, \u00e0 en discuter, \u00e0 lister leurs revendications, \u00e0 les faire remonter aux organisations syndicales et \u00e0 d\u00e9cider des moyens d&rsquo;action pour les faire valoir, y compris la gr\u00e8ve (un pr\u00e9avis de gr\u00e8ve national couvre toute d\u00e9cision d&rsquo;action gr\u00e9viste). Postes non pourvus, accompagnements non assur\u00e9s, probl\u00e8mes de locaux&#8230; Il n&rsquo;y a pas de \u00ab\u00a0petite\u00a0\u00bb revendication, toutes sont l\u00e9gitimes, et nous sommes l\u00e9gitimes \u00e0 exiger du gouvernement leur satisfaction !<\/strong><\/p>\n\n\n\n<p class=\"has-medium-font-size wp-block-paragraph\"><strong><mark style=\"background-color:rgba(0, 0, 0, 0)\" class=\"has-inline-color has-vivid-red-color\">-&gt; Pour toute question, contactez-nous.<\/mark><\/strong><\/p>\n\n\n\n<p class=\"wp-block-paragraph\">(1) Climatiser les 460.000 salles de classes du pays co\u00fbterait <strong>920 millions d&rsquo;euros<\/strong>. C&rsquo;est pr\u00e9cis\u00e9ment le montant des cr\u00e9dits restitu\u00e9s par les rectorats au minist\u00e8re depuis trois ans, et donc retir\u00e9s des budgets, et qui auraient \u00e9t\u00e9 bien utiles \u00e0 la r\u00e9novation des 60 000 \u00e9tablissements scolaires du pays ! FO exige que toutes ces sommes soient restitu\u00e9es pour fournir des ventilateurs et des climatiseurs dans toutes les classes de tous les \u00e9tablissements scolaires.<\/p>\n\n\n\n<p class=\"wp-block-paragraph\">(2) Le pr\u00e9sident Macron s&rsquo;est vant\u00e9 d&rsquo;avoir doubl\u00e9 le budget militaire depuis son arriv\u00e9e au pouvoir, celui-ci passant de 32 \u00e0 63,4 milliards d&rsquo;euros&nbsp;en 2027. Mais il s&rsquo;est bien gard\u00e9 de dire que dans le m\u00eame temps, le budget de l\u2019\u00c9ducation&nbsp;nationale est pass\u00e9 de 68 \u00e0 64 milliards d&rsquo;euros.<\/p>\n\n\n\n<p class=\"wp-block-paragraph\"><\/p>\n","protected":false},"excerpt":{"rendered":"<p>-> Effectifs, remplacement, AESH, inclusion, conditions de travail&#8230; Les revendications, c&rsquo;est maintenant -&gt; Qui dit rentr\u00e9e, dit CAS de rentr\u00e9e : celui-ci se r\u00e9unit jeudi 3 septembre \u00e0 14 h \u00e0 la DSDEN, avec \u00e0 son ordre du jour les ajustements de rentr\u00e9e en mati\u00e8re de carte scolaire. Refus de fermeture de classe, demande d&rsquo;ouverture [&hellip;]<\/p>\n","protected":false},"author":1,"featured_media":0,"comment_status":"open","ping_status":"open","sticky":false,"template":"","format":"standard","meta":{"footnotes":""},"categories":[2],"tags":[],"class_list":["post-5423","post","type-post","status-publish","format-standard","hentry","category-actualite"],"_links":{"self":[{"href":"https:\/\/snudifo47.net\/new\/wp-json\/wp\/v2\/posts\/5423","targetHints":{"allow":["GET"]}}],"collection":[{"href":"https:\/\/snudifo47.net\/new\/wp-json\/wp\/v2\/posts"}],"about":[{"href":"https:\/\/snudifo47.net\/new\/wp-json\/wp\/v2\/types\/post"}],"author":[{"embeddable":true,"href":"https:\/\/snudifo47.net\/new\/wp-json\/wp\/v2\/users\/1"}],"replies":[{"embeddable":true,"href":"https:\/\/snudifo47.net\/new\/wp-json\/wp\/v2\/comments?post=5423"}],"version-history":[{"count":2,"href":"https:\/\/snudifo47.net\/new\/wp-json\/wp\/v2\/posts\/5423\/revisions"}],"predecessor-version":[{"id":5425,"href":"https:\/\/snudifo47.net\/new\/wp-json\/wp\/v2\/posts\/5423\/revisions\/5425"}],"wp:attachment":[{"href":"https:\/\/snudifo47.net\/new\/wp-json\/wp\/v2\/media?parent=5423"}],"wp:term":[{"taxonomy":"category","embeddable":true,"href":"https:\/\/snudifo47.net\/new\/wp-json\/wp\/v2\/categories?post=5423"},{"taxonomy":"post_tag","embeddable":true,"href":"https:\/\/snudifo47.net\/new\/wp-json\/wp\/v2\/tags?post=5423"}],"curies":[{"name":"wp","href":"https:\/\/api.w.org\/{rel}","templated":true}]}}