{"id":4934,"date":"2024-12-06T11:25:55","date_gmt":"2024-12-06T10:25:55","guid":{"rendered":"https:\/\/snudifo47.net\/new\/?p=4934"},"modified":"2024-12-06T11:44:20","modified_gmt":"2024-12-06T10:44:20","slug":"jeudi-5-decembre-une-puissante-mobilisation-et-maintenant","status":"publish","type":"post","link":"https:\/\/snudifo47.net\/new\/2024\/12\/06\/jeudi-5-decembre-une-puissante-mobilisation-et-maintenant\/","title":{"rendered":"\u200bJeudi 5 d\u00e9cembre : une puissante mobilisation. Et maintenant ?"},"content":{"rendered":"\n<p class=\"has-medium-font-size\">200 000 manifestants, des taux de gr\u00e9vistes record dans l\u2019\u00c9ducation nationale, chez les territoriaux&#8230;<br>Dans notre d\u00e9partement, 60 % de gr\u00e9vistes dans le 1er degr\u00e9. De nombreuses \u00e9coles ferm\u00e9es, des cantines ne fonctionnant pas car de nombreux agents territoriaux \u00e9taient aussi en gr\u00e8ve. C&rsquo;est, si besoin \u00e9tait, la preuve de la d\u00e9termination des personnels \u00e0 obtenir la satisfaction de leurs l\u00e9gitimes revendications.<\/p>\n\n\n\n<p class=\"has-medium-font-size\"><strong>Et maintenant ?<\/strong><\/p>\n\n\n\n<p class=\"has-medium-font-size\">Comme le dit l&rsquo;appel adopt\u00e9 hier en AG intersyndicale, <em>\u00ab\u00a0quelle que soit la combinaison gouvernementale \u00e0 venir, nous ne pouvons compter que sur nous-m\u00eames pour faire valoir nos revendications, sur notre propre mobilisation pour obtenir satisfaction.\u00a0\u00bb<\/em><\/p>\n\n\n\n<p class=\"has-medium-font-size\">Le SNUDI<em>FO<\/em>47 invite les coll\u00e8gues \u00e0 le faire conna\u00eetre et \u00e0 en discuter. Personne, en effet, ne pense &#8211; nous le savons d&rsquo;exp\u00e9rience &#8211; qu&rsquo;une journ\u00e9e d&rsquo;action, aussi r\u00e9ussie soit-elle, suffira \u00e0 cr\u00e9er le rapport de force pour l&#8217;emporter.<\/p>\n\n\n\n<p class=\"has-medium-font-size\">D&rsquo;o\u00f9 la conclusion de l&rsquo;appel :<em><strong> \u00ab\u00a0Les personnels r\u00e9unis en AG ce 5 d\u00e9cembre appellent leurs coll\u00e8gues \u00e0 se r\u00e9unir dans leurs \u00e9coles et \u00e9tablissements d\u00e8s le vendredi 6 d\u00e9cembre, \u00e0 r\u00e9affirmer leurs revendications, \u00e0 d\u00e9cider des moyens d\u2019action pour les obtenir, \u00e0 poursuivre la construction de la vraie gr\u00e8ve pour gagner, en mettant en discussion la reconduction de la gr\u00e8ve.\u00a0\u00bb<\/strong><\/em><\/p>\n\n\n\n<p class=\"has-medium-font-size\"><strong>-> Lire <a href=\"https:\/\/snudifo47.net\/new\/wp-content\/uploads\/2024\/12\/Communique_AG-du-05-12.pdf\">l&rsquo;appel intersyndical<\/a><\/strong><\/p>\n\n\n\n<p class=\"has-medium-font-size\"><em><strong><mark style=\"background-color:rgba(0, 0, 0, 0)\" class=\"has-inline-color has-vivid-purple-color\">Faites-nous remonter toutes vos discussions et d\u00e9cisions.<\/mark><\/strong><\/em><\/p>\n\n\n\n<p class=\"has-text-align-center has-medium-font-size\"><strong><mark style=\"background-color:rgba(0, 0, 0, 0)\" class=\"has-inline-color has-vivid-red-color\">Plus que jamais, unit\u00e9 !<\/mark><\/strong><\/p>\n","protected":false},"excerpt":{"rendered":"<p>200 000 manifestants, des taux de gr\u00e9vistes record dans l\u2019\u00c9ducation nationale, chez les territoriaux&#8230;Dans notre d\u00e9partement, 60 % de gr\u00e9vistes dans le 1er degr\u00e9. De nombreuses \u00e9coles ferm\u00e9es, des cantines ne fonctionnant pas car de nombreux agents territoriaux \u00e9taient aussi en gr\u00e8ve. C&rsquo;est, si besoin \u00e9tait, la preuve de la d\u00e9termination des personnels \u00e0 obtenir [&hellip;]<\/p>\n","protected":false},"author":1,"featured_media":0,"comment_status":"open","ping_status":"open","sticky":false,"template":"","format":"standard","meta":{"footnotes":""},"categories":[2,115],"tags":[],"class_list":["post-4934","post","type-post","status-publish","format-standard","hentry","category-actualite","category-actions-actualite"],"_links":{"self":[{"href":"https:\/\/snudifo47.net\/new\/wp-json\/wp\/v2\/posts\/4934","targetHints":{"allow":["GET"]}}],"collection":[{"href":"https:\/\/snudifo47.net\/new\/wp-json\/wp\/v2\/posts"}],"about":[{"href":"https:\/\/snudifo47.net\/new\/wp-json\/wp\/v2\/types\/post"}],"author":[{"embeddable":true,"href":"https:\/\/snudifo47.net\/new\/wp-json\/wp\/v2\/users\/1"}],"replies":[{"embeddable":true,"href":"https:\/\/snudifo47.net\/new\/wp-json\/wp\/v2\/comments?post=4934"}],"version-history":[{"count":4,"href":"https:\/\/snudifo47.net\/new\/wp-json\/wp\/v2\/posts\/4934\/revisions"}],"predecessor-version":[{"id":4940,"href":"https:\/\/snudifo47.net\/new\/wp-json\/wp\/v2\/posts\/4934\/revisions\/4940"}],"wp:attachment":[{"href":"https:\/\/snudifo47.net\/new\/wp-json\/wp\/v2\/media?parent=4934"}],"wp:term":[{"taxonomy":"category","embeddable":true,"href":"https:\/\/snudifo47.net\/new\/wp-json\/wp\/v2\/categories?post=4934"},{"taxonomy":"post_tag","embeddable":true,"href":"https:\/\/snudifo47.net\/new\/wp-json\/wp\/v2\/tags?post=4934"}],"curies":[{"name":"wp","href":"https:\/\/api.w.org\/{rel}","templated":true}]}}