{"id":486,"date":"2016-01-18T12:15:16","date_gmt":"2016-01-18T11:15:16","guid":{"rendered":"https:\/\/snudifo47.net\/new\/2016\/01\/18\/le-26-janvier-2016-tous-en-greve-dans-les-ecoles\/"},"modified":"2016-01-18T12:15:16","modified_gmt":"2016-01-18T11:15:16","slug":"le-26-janvier-2016-tous-en-greve-dans-les-ecoles","status":"publish","type":"post","link":"https:\/\/snudifo47.net\/new\/2016\/01\/18\/le-26-janvier-2016-tous-en-greve-dans-les-ecoles\/","title":{"rendered":"Le 26  janvier 2016, tous en gr\u00e8ve dans les \u00e9coles !"},"content":{"rendered":"<p class=\"post_excerpt\">APPEL NATIONAL 1ER DEGR\u00c9 FO, FSU, CGT, SOLIDAIRES<\/p>\n<p><!--more--><\/p>\n<table>\n<tbody>\n<tr class='row_even'>\n<td><img659<\/td>\n<td>center><\/td>\n<td><img660<\/td>\n<td>center><\/td>\n<td><img661<\/td>\n<td>center><\/td>\n<td><img662<\/td>\n<td>center><\/td>\n<\/tr>\n<\/tbody>\n<\/table>\n<p>\u00a0<br \/>\nLes effets sur les services publics d&rsquo;une politique gouvernementale qui finance, sans r\u00e9elles contreparties, les aides aux entreprises en diminuant la d\u00e9pense publique sont d\u00e9sastreux.<\/p>\n<p>Dans ce contexte d&rsquo;aust\u00e9rit\u00e9, les \u00e9coles ne sont pas \u00e9pargn\u00e9es et les conditions de travail des personnels des \u00e9coles se sont d\u00e9grad\u00e9es ces derni\u00e8res ann\u00e9es, notamment suite \u00e0 la r\u00e9forme des rythmes scolaires accentu\u00e9e par les ing\u00e9rences grandissantes des municipalit\u00e9s.<\/p>\n<p>Par ailleurs, la question des moyens accord\u00e9s r\u00e9ellement \u00e0 l\u2019\u00e9cole reste d\u2019actualit\u00e9 avec des classes toujours aussi charg\u00e9es, l&rsquo;absence de soutien, notamment le manque de RASED, et de formation continue.\u00a0<\/p>\n<p>Concernant les enseignants des \u00e9coles, il est plus que temps que le gouvernement reconnaisse leur investissement et leur professionnalisme pour la r\u00e9ussite de leurs \u00e9l\u00e8ves et mette fin\u00a0\u00e0 leur d\u00e9classement salarial qui les place en bas de l&rsquo;\u00e9chelle des comparaisons internationales.<\/p>\n<p>Pour la premi\u00e8re fois depuis cinq ans, et suite aux mobilisations des agents, un rendez-vous salarial pour les fonctionnaires est pr\u00e9vu en f\u00e9vrier prochain. <\/p>\n<p>Les enseignants des \u00e9coles sont concern\u00e9s \u00e0 plusieurs titres.<br \/>\n&#8211; Il s&rsquo;agit, d&rsquo;une part, de revaloriser significativement les salaires \u00ab\u00a0gel\u00e9s\u00a0\u00bb depuis pr\u00e8s de 6 ans, sachant qu&rsquo;en r\u00e9alit\u00e9 les salaires nets baissent chaque ann\u00e9e en raison de la hausse des cotisations retraite.<br \/>\n&#8211; L&rsquo;enjeu est, d&rsquo;autre part, d\u2019obtenir une ISAE \u00e0 1 200 euros par an pour tous les PE et son int\u00e9gration dans le salaire, ainsi qu\u2019une am\u00e9lioration significative des carri\u00e8res.<\/p>\n<p>Les personnels des \u00c9coles doivent peser pour que ce rendez-vous salarial permette d\u2019obtenir des avanc\u00e9es significatives pour l&rsquo;augmentation de leurs salaires.\u00a0<\/p>\n<p>Les organisations syndicales SNUipp FSU, SNUDI FO, CGT Educ\u2019action et SUD \u00e9ducation  appellent l\u2019ensemble des enseignants et personnels des \u00e9coles \u00e0 se mettre en gr\u00e8ve, avec l&rsquo;ensemble des agents de la Fonction Publique, pour exiger une revalorisation imm\u00e9diate et significative de la valeur du point d\u2019indice, le triplement de l&rsquo;ISAE et le rattrapage des pertes de pouvoir d\u2019achat.<\/p>\n<p>Elles affirment\u00a0par ailleurs\u00a0leur solidarit\u00e9 avec les enseignants du 2nd\u00a0degr\u00e9 et les 15\u00a0organisations syndicales qui les appellent \u00e0 la gr\u00e8ve pour l\u2019abrogation de la r\u00e9forme du coll\u00e8ge.<\/p>\n","protected":false},"excerpt":{"rendered":"<p>APPEL NATIONAL 1ER DEGR\u00c9 FO, FSU, CGT, SOLIDAIRES<\/p>\n","protected":false},"author":1,"featured_media":0,"comment_status":"closed","ping_status":"open","sticky":false,"template":"","format":"standard","meta":{"footnotes":""},"categories":[115],"tags":[],"class_list":["post-486","post","type-post","status-publish","format-standard","hentry","category-actions-actualite"],"_links":{"self":[{"href":"https:\/\/snudifo47.net\/new\/wp-json\/wp\/v2\/posts\/486","targetHints":{"allow":["GET"]}}],"collection":[{"href":"https:\/\/snudifo47.net\/new\/wp-json\/wp\/v2\/posts"}],"about":[{"href":"https:\/\/snudifo47.net\/new\/wp-json\/wp\/v2\/types\/post"}],"author":[{"embeddable":true,"href":"https:\/\/snudifo47.net\/new\/wp-json\/wp\/v2\/users\/1"}],"replies":[{"embeddable":true,"href":"https:\/\/snudifo47.net\/new\/wp-json\/wp\/v2\/comments?post=486"}],"version-history":[{"count":0,"href":"https:\/\/snudifo47.net\/new\/wp-json\/wp\/v2\/posts\/486\/revisions"}],"wp:attachment":[{"href":"https:\/\/snudifo47.net\/new\/wp-json\/wp\/v2\/media?parent=486"}],"wp:term":[{"taxonomy":"category","embeddable":true,"href":"https:\/\/snudifo47.net\/new\/wp-json\/wp\/v2\/categories?post=486"},{"taxonomy":"post_tag","embeddable":true,"href":"https:\/\/snudifo47.net\/new\/wp-json\/wp\/v2\/tags?post=486"}],"curies":[{"name":"wp","href":"https:\/\/api.w.org\/{rel}","templated":true}]}}