{"id":4852,"date":"2024-09-20T15:25:40","date_gmt":"2024-09-20T13:25:40","guid":{"rendered":"https:\/\/snudifo47.net\/new\/?p=4852"},"modified":"2024-09-20T15:25:41","modified_gmt":"2024-09-20T13:25:41","slug":"evaluation-decole-nul-ne-peut-etre-contraint-dy-participer","status":"publish","type":"post","link":"https:\/\/snudifo47.net\/new\/2024\/09\/20\/evaluation-decole-nul-ne-peut-etre-contraint-dy-participer\/","title":{"rendered":"\u00c9valuation d\u2019\u00e9cole : Nul ne peut \u00eatre contraint d\u2019y participer !"},"content":{"rendered":"\n<p class=\"has-text-align-center has-medium-font-size\"><strong>Communiqu\u00e9 du SNUDI<em>FO<\/em>47<\/strong><\/p>\n\n\n\n<p class=\"has-medium-font-size\">La note de service relative au plan de formation continue 2024-2025 indique\u00a0: <em>\u00ab\u00a0De nouvelles \u00e9coles vont entrer en \u00e9valuation d\u2019\u00e9cole.\u00a0\u00bb<\/em> Cette ann\u00e9e encore, des dizaines d\u2019\u00e9coles ont \u00e9t\u00e9 \u00ab\u00a0s\u00e9lectionn\u00e9es\u00a0\u00bb pour subir une \u00e9valuation.<\/p>\n\n\n\n<p class=\"has-medium-font-size\">Le SNUDI<em>FO<\/em>47 souhaite rappeler quelques \u00e9l\u00e9ments de clarification concernant ces \u00e9valuations d\u2019\u00e9cole. Si la hi\u00e9rarchie met la pression sur les coll\u00e8gues en affirmant oralement le caract\u00e8re obligatoire de ces \u00e9valuations, elle ne l\u2019a jamais \u00e9crit dans une circulaire.<\/p>\n\n\n\n<p class=\"has-medium-font-size\">D\u2019ailleurs, dans diff\u00e9rentes instances, recteurs et Dasen ont confirm\u00e9 leur caract\u00e8re facultatif, \u00e0 l\u2019instar de la Dasen du Val-de-Marne qui lors du CDEN du 13 octobre 2022 a d\u00e9clar\u00e9 que \u00ab les \u00e9valuations d\u2019\u00e9coles sont facultatives dans le d\u00e9partement et au niveau national \u00bb, ou de la rectrice de l\u2019acad\u00e9mie de Cr\u00e9teil lors du CSA de rentr\u00e9e du 15 septembre 2023\u00a0: \u00ab Les \u00e9valuations d\u2019\u00e9cole ne peuvent pas \u00eatre impos\u00e9es \u00bb.<\/p>\n\n\n\n<p class=\"has-medium-font-size\">Le SNUDI<em>FO<\/em>47 rappelle que Vademecum et ses annexes, bien souvent mis en avant par les IEN, ne pr\u00e9sentent aucun caract\u00e8re obligatoire.<\/p>\n\n\n\n<p class=\"has-medium-font-size\">Cela n\u2019emp\u00eache pourtant pas la Ministre d\u00e9missionnaire de vouloir tenter d\u2019imposer les \u00e9valuations d\u2019\u00e9cole aux coll\u00e8gues.<\/p>\n\n\n\n<p class=\"has-medium-font-size\">La loi Blanquer pour une \u00e9cole de confiance cr\u00e9e effectivement un Conseil d\u2019\u00c9valuation de l\u2019\u00c9cole (CEE) charg\u00e9 de \u00ab d\u00e9finir le cadre m\u00e9thodologique et les outils des auto\u00e9valuations et des \u00e9valuations des \u00e9tablissements conduites par le minist\u00e8re \u00bb.<\/p>\n\n\n\n<p class=\"has-medium-font-size\">Le cadre r\u00e9glementaire, qui n\u2019a pas chang\u00e9 depuis l\u2019ann\u00e9e derni\u00e8re, correspond ainsi aux outils \u00e9tablis et auto-valid\u00e9s par le CEE au travers d\u2019un Vademecum et de trois annexes\u2026 dont le CEE pr\u00e9cise lui-m\u00eame que \u00ab leur utilisation ne rev\u00eat aucun caract\u00e8re obligatoire \u00bb.<\/p>\n\n\n\n<p class=\"has-medium-font-size\">Le SNUDI<em>FO<\/em>47 rappelle, s\u2019il en est encore besoin, qu\u2019aucun d\u00e9cret ni aucun arr\u00eat\u00e9 ne met en place les \u00e9valuations d\u2019\u00e9cole. Rien dans le statut des professeurs des \u00e9coles ne pr\u00e9voit que les personnels soient soumis \u00e0 une \u00e9valuation d\u2019\u00e9cole.<\/p>\n\n\n\n<p class=\"has-medium-font-size\">Le SNUDI<em>FO<\/em>47 tient \u00e0 r\u00e9affirmer que les \u00e9valuations d\u2019\u00e9cole ne figurent pas dans les obligations r\u00e9glementaires de service (ORS) des enseignants du 1er degr\u00e9, d\u00e9finies par le d\u00e9cret n\u00b0 2017-444 du 29 mars 2017. Nul ne peut donc \u00eatre contraint d\u2019y participer !<\/p>\n\n\n\n<p class=\"has-medium-font-size\">Le SNUDI<em>FO<\/em>47 constate, \u00e0 ce titre, que dans les d\u00e9partements o\u00f9 les coll\u00e8gues ont fait savoir \u00e0 leur IEN qu\u2019ils n\u2019\u00e9taient pas volontaires pour participer \u00e0 une \u00e9valuation d\u2019\u00e9cole et n\u2019y ont pas pris part n\u2019ont jamais fait l\u2019objet d\u2019une retenue sur salaire ou de la moindre sanction.<\/p>\n\n\n\n<p class=\"has-medium-font-size\">Le SNUDI<em>FO<\/em>47 rappelle que la formation continue repr\u00e9sente pour chaque enseignant un droit inscrit dans ses ORS. Aucun personnel ne peut se voir imposer des heures de formation ou de r\u00e9unions en lieu et place d\u2019animations p\u00e9dagogiques ou de formation continue. Il n\u2019est donc pas r\u00e9glementaire d\u2019amputer les 18h de formations et d&rsquo;animations p\u00e9dagogiques pour les allouer aux \u00e9valuations d\u2019\u00e9cole. Le droit \u00e0 la formation continue ne peut pas \u00eatre confisqu\u00e9 !<\/p>\n\n\n\n<p class=\"has-medium-font-size\">Le SNUDI<em>FO<\/em>47 invite les coll\u00e8gues \u00e0 (re)prendre connaissance de notre dossier toujours d\u2019actualit\u00e9 : <a href=\"https:\/\/snudifo47.net\/new\/2022\/03\/24\/evaluations-decoles-attention-danger\/\">\u00c9valuations d\u2019\u00e9coles : <\/a><a href=\"https:\/\/snudifo47.net\/new\/2022\/03\/24\/evaluations-decoles-attention-danger\/\">Attention danger<\/a><a href=\"https:\/\/snudifo47.net\/new\/2022\/03\/24\/evaluations-decoles-attention-danger\/\"> !<\/a><\/p>\n\n\n\n<p class=\"has-medium-font-size\"><strong><mark style=\"background-color:#8ed1fc\" class=\"has-inline-color\">Le SNUDI<em>FO<\/em>47 invite les coll\u00e8gues qui veulent refuser l\u2019\u00e9valuation d\u2019\u00e9cole \u00e0 saisir le syndicat. Les coll\u00e8gues qui entrent dans le dispositif n\u2019ont pas \u00e0 faire des heures suppl\u00e9mentaires de travail gratuit. N\u2019h\u00e9sitez pas \u00e0 contacter le syndicat.<\/mark><\/strong><\/p>\n\n\n\n<p class=\"has-medium-font-size\">Avec son syndicat national, le SNUDI<em>FO<\/em>47 revendique l\u2019abandon des \u00e9valuations d\u2019\u00e9cole !<\/p>\n\n\n\n<p class=\"has-medium-font-size\"><strong><mark style=\"background-color:rgba(0, 0, 0, 0)\" class=\"has-inline-color has-vivid-red-color\">Participez nombreux aux R\u00e9unions d\u2019Information Syndicale (RIS) organis\u00e9es par le SNUDI<em>FO<\/em>47 en cette rentr\u00e9e scolaire.<\/mark><\/strong><\/p>\n\n\n\n<p><mark style=\"background-color:rgba(0, 0, 0, 0)\" class=\"has-inline-color has-vivid-red-color\">(3 X 3 heures peuvent \u00eatre d\u00e9duite des AP, y compris sur le temps consacr\u00e9 \u00e0 l\u2019\u00e9valuation d\u2019\u00e9cole)<\/mark><\/p>\n\n\n\n<p class=\"has-medium-font-size\"><strong><mark style=\"background-color:rgba(0, 0, 0, 0)\" class=\"has-inline-color has-vivid-red-color\">-> <\/mark><a href=\"https:\/\/snudifo47.net\/new\/wp-content\/uploads\/2024\/09\/Communique-evaluations-decole.pdf\">T\u00e9l\u00e9charger le communiqu\u00e9 en PDF<\/a><\/strong><\/p>\n","protected":false},"excerpt":{"rendered":"<p>Communiqu\u00e9 du SNUDIFO47 La note de service relative au plan de formation continue 2024-2025 indique\u00a0: \u00ab\u00a0De nouvelles \u00e9coles vont entrer en \u00e9valuation d\u2019\u00e9cole.\u00a0\u00bb Cette ann\u00e9e encore, des dizaines d\u2019\u00e9coles ont \u00e9t\u00e9 \u00ab\u00a0s\u00e9lectionn\u00e9es\u00a0\u00bb pour subir une \u00e9valuation. Le SNUDIFO47 souhaite rappeler quelques \u00e9l\u00e9ments de clarification concernant ces \u00e9valuations d\u2019\u00e9cole. Si la hi\u00e9rarchie met la pression sur [&hellip;]<\/p>\n","protected":false},"author":1,"featured_media":0,"comment_status":"open","ping_status":"open","sticky":false,"template":"","format":"standard","meta":{"footnotes":""},"categories":[2,90,112],"tags":[],"class_list":["post-4852","post","type-post","status-publish","format-standard","hentry","category-actualite","category-evaluations-actualite","category-statut-conditions-de-travail-actualite"],"_links":{"self":[{"href":"https:\/\/snudifo47.net\/new\/wp-json\/wp\/v2\/posts\/4852","targetHints":{"allow":["GET"]}}],"collection":[{"href":"https:\/\/snudifo47.net\/new\/wp-json\/wp\/v2\/posts"}],"about":[{"href":"https:\/\/snudifo47.net\/new\/wp-json\/wp\/v2\/types\/post"}],"author":[{"embeddable":true,"href":"https:\/\/snudifo47.net\/new\/wp-json\/wp\/v2\/users\/1"}],"replies":[{"embeddable":true,"href":"https:\/\/snudifo47.net\/new\/wp-json\/wp\/v2\/comments?post=4852"}],"version-history":[{"count":1,"href":"https:\/\/snudifo47.net\/new\/wp-json\/wp\/v2\/posts\/4852\/revisions"}],"predecessor-version":[{"id":4854,"href":"https:\/\/snudifo47.net\/new\/wp-json\/wp\/v2\/posts\/4852\/revisions\/4854"}],"wp:attachment":[{"href":"https:\/\/snudifo47.net\/new\/wp-json\/wp\/v2\/media?parent=4852"}],"wp:term":[{"taxonomy":"category","embeddable":true,"href":"https:\/\/snudifo47.net\/new\/wp-json\/wp\/v2\/categories?post=4852"},{"taxonomy":"post_tag","embeddable":true,"href":"https:\/\/snudifo47.net\/new\/wp-json\/wp\/v2\/tags?post=4852"}],"curies":[{"name":"wp","href":"https:\/\/api.w.org\/{rel}","templated":true}]}}