{"id":481,"date":"2016-01-07T17:49:59","date_gmt":"2016-01-07T16:49:59","guid":{"rendered":"https:\/\/snudifo47.net\/new\/2016\/01\/07\/voeux-villeneuve-26-janvier\/"},"modified":"2016-01-07T17:49:59","modified_gmt":"2016-01-07T16:49:59","slug":"voeux-villeneuve-26-janvier","status":"publish","type":"post","link":"https:\/\/snudifo47.net\/new\/2016\/01\/07\/voeux-villeneuve-26-janvier\/","title":{"rendered":"Voeux | Villeneuve | 26 janvier"},"content":{"rendered":"<p><img657|center><\/p>\n<hr \/>\n<h2>Mobilisation \u00e0 VILLENEUVE<\/h2>\n<p>Apr\u00e8s le rassemblement du vendredi 11 d\u00e9cembre et le groupe de travail du jeudi 17, le SNUDI FO consid\u00e8re que le dossier n&rsquo;est pas clos.<\/p>\n<p><strong> Lire le compte-rendu : <a href=\"article552.html\">VILLENEUVE SUR LOT : Rien n&rsquo;est r\u00e9gl\u00e9&#8230;<\/a> <\/strong><\/p>\n<hr \/>\n<h2>Gr\u00e8ve Fonction Publique du 26 janvier<\/h2>\n<p>Le 26 Janvier, les f\u00e9d\u00e9rations de fonctionnaires FO, CGT, Solidaires appellent les agents des trois versants de la fonction publique \u00e0 la gr\u00e8ve pour l\u2019augmentation du point d\u2019indice, pour la d\u00e9fense du service public.<br \/>\nLe 26 janvier, 13 syndicats de l\u2019enseignement secondaire appellent \u00e0 construire une gr\u00e8ve nationale majoritaire pour l\u2019abrogation de la r\u00e9forme du coll\u00e8ge.<\/p>\n<p>La FNEC-FP FO appelle l\u2019ensemble des personnels de l\u2019\u00c9ducation Nationale, de la Culture, de Jeunesse et Sports, \u00e0 se mettre en gr\u00e8ve le 26 Janvier avec tous les fonctionnaires. Les syndicats nationaux du 1er degr\u00e9 se r\u00e9uniront vendredi 8 janvier.<\/p>\n","protected":false},"excerpt":{"rendered":"<p>Mobilisation \u00e0 VILLENEUVE Apr\u00e8s le rassemblement du vendredi 11 d\u00e9cembre et le groupe de travail du jeudi 17, le SNUDI FO consid\u00e8re que le dossier n&rsquo;est pas clos. Lire le compte-rendu : VILLENEUVE SUR LOT : Rien n&rsquo;est r\u00e9gl\u00e9&#8230; Gr\u00e8ve Fonction Publique du 26 janvier Le 26 Janvier, les f\u00e9d\u00e9rations de fonctionnaires FO, CGT, Solidaires [&hellip;]<\/p>\n","protected":false},"author":1,"featured_media":0,"comment_status":"closed","ping_status":"open","sticky":false,"template":"","format":"standard","meta":{"footnotes":""},"categories":[97],"tags":[],"class_list":["post-481","post","type-post","status-publish","format-standard","hentry","category-la-lettre-dinformation-actualite"],"_links":{"self":[{"href":"https:\/\/snudifo47.net\/new\/wp-json\/wp\/v2\/posts\/481","targetHints":{"allow":["GET"]}}],"collection":[{"href":"https:\/\/snudifo47.net\/new\/wp-json\/wp\/v2\/posts"}],"about":[{"href":"https:\/\/snudifo47.net\/new\/wp-json\/wp\/v2\/types\/post"}],"author":[{"embeddable":true,"href":"https:\/\/snudifo47.net\/new\/wp-json\/wp\/v2\/users\/1"}],"replies":[{"embeddable":true,"href":"https:\/\/snudifo47.net\/new\/wp-json\/wp\/v2\/comments?post=481"}],"version-history":[{"count":0,"href":"https:\/\/snudifo47.net\/new\/wp-json\/wp\/v2\/posts\/481\/revisions"}],"wp:attachment":[{"href":"https:\/\/snudifo47.net\/new\/wp-json\/wp\/v2\/media?parent=481"}],"wp:term":[{"taxonomy":"category","embeddable":true,"href":"https:\/\/snudifo47.net\/new\/wp-json\/wp\/v2\/categories?post=481"},{"taxonomy":"post_tag","embeddable":true,"href":"https:\/\/snudifo47.net\/new\/wp-json\/wp\/v2\/tags?post=481"}],"curies":[{"name":"wp","href":"https:\/\/api.w.org\/{rel}","templated":true}]}}