{"id":478,"date":"2015-12-18T11:54:00","date_gmt":"2015-12-18T10:54:00","guid":{"rendered":"https:\/\/snudifo47.net\/new\/2015\/12\/18\/capital-deces-diminution-drastique\/"},"modified":"2015-12-18T11:54:00","modified_gmt":"2015-12-18T10:54:00","slug":"capital-deces-diminution-drastique","status":"publish","type":"post","link":"https:\/\/snudifo47.net\/new\/2015\/12\/18\/capital-deces-diminution-drastique\/","title":{"rendered":"Capital d\u00e9c\u00e8s : diminution drastique"},"content":{"rendered":"<p>Le 5 novembre 2015, a \u00e9t\u00e9 publi\u00e9 au journal officiel un d\u00e9cret n\u00b0 2015-1399 du 03-11-2015 ayant pour objet la forfaitisation du montant du capital d\u00e9c\u00e8s d\u00e9sormais calcul\u00e9 sur la base du montant pr\u00e9vu pour le r\u00e9gime g\u00e9n\u00e9ral.<\/p>\n<p>Ainsi, depuis le 6 novembre 2015, le capital d\u00e9c\u00e8s vers\u00e9 aux ayant droits de tout fonctionnaire d\u00e9c\u00e9d\u00e9 avant l\u2019\u00e2ge l\u00e9gal est <strong>\u00e9gal \u00e0 quatre fois le montant mentionn\u00e9 \u00e0 l\u2019article D. 361-1 du code de la s\u00e9curit\u00e9 sociale<\/strong> (3 400 \u20ac x 4).<br \/>\nCela concerne tous les fonctionnaires se trouvant au moment du d\u00e9c\u00e8s soit en activit\u00e9, soit en d\u00e9tachement, soit en disponibilit\u00e9 pour raison de sant\u00e9, soit sous les drapeaux.<\/p>\n<p><strong>Pour rappel<\/strong>, le capital d\u00e9c\u00e8s vers\u00e9 avant l\u2019application de ce d\u00e9cret \u00e9tait <strong>\u00e9gal au dernier traitement annuel du fonctionnaire<\/strong>, augment\u00e9 des primes et indemnit\u00e9 accessoires.<br \/>\nDepuis le 6 novembre, ce n\u2019est plus un capital d\u00e9c\u00e8s mais plus un <em>\u00ab capital obs\u00e8ques \u00bb<\/em> qui sera vers\u00e9 aux ayant droits des fonctionnaires.<\/p>\n<p>Pour le <strong>Snudi-FO<\/strong>, la convergence des droits public\/priv\u00e9 se fait une fois de plus sur la base du moins-disant&#8230; au d\u00e9triment des salari\u00e9s et au profit des compagnies d&rsquo;assurance qui proposeront \u00e0 n&rsquo;en pas douter des produits financiers plus ou moins on\u00e9reux pour lesquels les fonctionnaires devront (encore) mettre la main \u00e0 la poche.<\/p>\n<p>A l\u2019heure o\u00f9 tout un chacun rend hommage au Service public et \u00e0 ses agents apr\u00e8s les terribles attentats de Paris, le <strong>Snudi-FO<\/strong> d\u00e9nonce le <strong>double discours du gouvernement<\/strong> et cette nouvelle <strong>attaque contre les droits des fonctionnaires et de leurs familles<\/strong>.<\/p>\n","protected":false},"excerpt":{"rendered":"<p>Le 5 novembre 2015, a \u00e9t\u00e9 publi\u00e9 au journal officiel un d\u00e9cret n\u00b0 2015-1399 du 03-11-2015 ayant pour objet la forfaitisation du montant du capital d\u00e9c\u00e8s d\u00e9sormais calcul\u00e9 sur la base du montant pr\u00e9vu pour le r\u00e9gime g\u00e9n\u00e9ral. Ainsi, depuis le 6 novembre 2015, le capital d\u00e9c\u00e8s vers\u00e9 aux ayant droits de tout fonctionnaire d\u00e9c\u00e9d\u00e9 [&hellip;]<\/p>\n","protected":false},"author":1,"featured_media":0,"comment_status":"closed","ping_status":"open","sticky":false,"template":"","format":"standard","meta":{"footnotes":""},"categories":[40],"tags":[],"class_list":["post-478","post","type-post","status-publish","format-standard","hentry","category-salaires-indemnites"],"_links":{"self":[{"href":"https:\/\/snudifo47.net\/new\/wp-json\/wp\/v2\/posts\/478","targetHints":{"allow":["GET"]}}],"collection":[{"href":"https:\/\/snudifo47.net\/new\/wp-json\/wp\/v2\/posts"}],"about":[{"href":"https:\/\/snudifo47.net\/new\/wp-json\/wp\/v2\/types\/post"}],"author":[{"embeddable":true,"href":"https:\/\/snudifo47.net\/new\/wp-json\/wp\/v2\/users\/1"}],"replies":[{"embeddable":true,"href":"https:\/\/snudifo47.net\/new\/wp-json\/wp\/v2\/comments?post=478"}],"version-history":[{"count":0,"href":"https:\/\/snudifo47.net\/new\/wp-json\/wp\/v2\/posts\/478\/revisions"}],"wp:attachment":[{"href":"https:\/\/snudifo47.net\/new\/wp-json\/wp\/v2\/media?parent=478"}],"wp:term":[{"taxonomy":"category","embeddable":true,"href":"https:\/\/snudifo47.net\/new\/wp-json\/wp\/v2\/categories?post=478"},{"taxonomy":"post_tag","embeddable":true,"href":"https:\/\/snudifo47.net\/new\/wp-json\/wp\/v2\/tags?post=478"}],"curies":[{"name":"wp","href":"https:\/\/api.w.org\/{rel}","templated":true}]}}