{"id":4719,"date":"2024-05-24T14:29:13","date_gmt":"2024-05-24T12:29:13","guid":{"rendered":"https:\/\/snudifo47.net\/new\/?p=4719"},"modified":"2024-05-24T14:31:27","modified_gmt":"2024-05-24T12:31:27","slug":"mouvement-intra-departemental-apres-les-resultats","status":"publish","type":"post","link":"https:\/\/snudifo47.net\/new\/2024\/05\/24\/mouvement-intra-departemental-apres-les-resultats\/","title":{"rendered":"Mouvement intra-d\u00e9partemental : apr\u00e8s les r\u00e9sultats"},"content":{"rendered":"\n<p class=\"has-medium-font-size\"><mark style=\"background-color:rgba(0, 0, 0, 0)\" class=\"has-inline-color has-vivid-red-color\"><strong>Les r\u00e9sultats du mouvement\u00a0sont parus mercredi 22 mai sur votre compte\u00a0IPROF.<\/strong><\/mark><br>Depuis quelques ann\u00e9es, les syndicats ne sont plus destinataires des r\u00e9sultats du mouvement. <strong>N&rsquo;h\u00e9sitez pas \u00e0 nous communiquer vos r\u00e9sultats et \u00e0 nous donner des informations si vous en avez.<\/strong><\/p>\n\n\n\n<p class=\"has-medium-font-size\"><strong><em><mark style=\"background-color:rgba(0, 0, 0, 0)\" class=\"has-inline-color has-vivid-red-color\">Calendrier \u00e0 venir :<\/mark>&nbsp;<\/em><\/strong><\/p>\n\n\n\n<ul class=\"wp-block-list\">\n<li><strong>Du 23 mai au 13 juin&nbsp;<\/strong>: composition des postes de titulaires secteur, des postes fractionn\u00e9s. L&rsquo;envoi&nbsp;de la composition de poste des agents se fera le 14 juin.<\/li>\n\n\n\n<li><strong>Du 17 au 21 juin&nbsp;<\/strong>: affectation des enseignants sur les postes de&nbsp;titulaires d\u00e9partementaux rattach\u00e9s \u00e0 une&nbsp;\u00ab circonscription \u00bb<\/li>\n\n\n\n<li><strong>Le 24 juin 2023<\/strong>: phase manuelle concernant les enseignants sans poste \u00e0 l\u2019issue de la phase informatis\u00e9e et les enseignants int\u00e9gr\u00e9s suite \u00e0 accord d\u2019INEAT hors mouvement national informatis\u00e9<\/li>\n\n\n\n<li><strong>Le 25 juin apr\u00e8s-midi<\/strong>&nbsp;: r\u00e9sultats de la phase manuelle<\/li>\n<\/ul>\n\n\n\n<p class=\"has-medium-font-size\"><mark style=\"background-color:rgba(0, 0, 0, 0)\" class=\"has-inline-color has-vivid-red-color\"><strong>Recours possibles<\/strong>\u00a0<\/mark><mark style=\"background-color:#fcb900\" class=\"has-inline-color has-vivid-red-color\">avant le jeudi 30 mai\u00a012H<\/mark><\/p>\n\n\n\n<p><strong><u>Si vous avez \u00e9t\u00e9 affect\u00e9 sur un v\u0153u groupe MOB (<\/u>&nbsp;participation obligatoire)<\/strong>&nbsp;et que celui-ci ne vous convient pas, vous pouvez faire&nbsp;une demande particuli\u00e8re PAR COURRIER&nbsp;<strong>(<\/strong><strong><a rel=\"noreferrer noopener\" href=\"mailto:veronique.casaubon@ac-bordeaux.fr\" target=\"_blank\">veronique.casaubon@ac-bordeaux.fr<\/a>&nbsp;et&nbsp;<a rel=\"noreferrer noopener\" href=\"mailto:ce.ia47-per@ac-bordeaux.fr\" target=\"_blank\">ce.ia47-per@ac-bordeaux.fr<\/a>)&nbsp;<\/strong><\/p>\n\n\n\n<p><strong><mark style=\"background-color:rgba(0, 0, 0, 0)\" class=\"has-inline-color has-vivid-red-color\">Attention : c&rsquo;est bien une demande exceptionnelle qu&rsquo;il faudra motiver dans votre courrier.<\/mark><\/strong><\/p>\n\n\n\n<p><strong><u>Si vous avez \u00e9t\u00e9 affect\u00e9 Hors v\u0153ux pr\u00e9cis, hors v\u0153ux groupe MOB ou non MOB (participation obligatoire) ou que vous n&rsquo;avez rien obtenu (participation non obligatoire),<\/u>&nbsp;<\/strong>vous pouvez demander la r\u00e9vision de cette affectation via l&rsquo;application COLIBRIS*<strong>.<\/strong><\/p>\n\n\n\n<p><strong><mark style=\"background-color:rgba(0, 0, 0, 0)\" class=\"has-inline-color has-vivid-red-color\">Attention : vous devez motiver votre demande car l&rsquo;administration \u00e9tudiera au cas par cas chaque demande en fonction&nbsp;des postes rest\u00e9s vacants \u00e0 l&rsquo;issue du mouvement informatis\u00e9.<\/mark><\/strong><\/p>\n\n\n\n<p><em>* Chemin d&rsquo;acc\u00e8s \u00e0 l&rsquo;application Colibris :<\/em><\/p>\n\n\n\n<ul class=\"wp-block-list\">\n<li><em>1) Portail ARENA (identifiant et mot de passe de la messagerie professionnelle)<\/em><\/li>\n\n\n\n<li><em>2) Enqu\u00eate et pilotage<\/em><\/li>\n\n\n\n<li><em>3) Pilotage acad\u00e9mique : Colibris &#8211; Portail des d\u00e9marches<\/em><\/li>\n<\/ul>\n\n\n\n<p><strong><mark style=\"background-color:rgba(0, 0, 0, 0)\" class=\"has-inline-color has-vivid-red-color\">-&gt;<\/mark><\/strong>&nbsp;<strong>Pour toute question, contactez le syndicat si vous avez des interrogations car nous sommes l\u00e0 pour vous accompagner !<\/strong><\/p>\n","protected":false},"excerpt":{"rendered":"<p>Les r\u00e9sultats du mouvement\u00a0sont parus mercredi 22 mai sur votre compte\u00a0IPROF.Depuis quelques ann\u00e9es, les syndicats ne sont plus destinataires des r\u00e9sultats du mouvement. N&rsquo;h\u00e9sitez pas \u00e0 nous communiquer vos r\u00e9sultats et \u00e0 nous donner des informations si vous en avez. Calendrier \u00e0 venir :&nbsp; Recours possibles\u00a0avant le jeudi 30 mai\u00a012H Si vous avez \u00e9t\u00e9 affect\u00e9 [&hellip;]<\/p>\n","protected":false},"author":1,"featured_media":0,"comment_status":"open","ping_status":"open","sticky":false,"template":"","format":"standard","meta":{"footnotes":""},"categories":[2,105],"tags":[],"class_list":["post-4719","post","type-post","status-publish","format-standard","hentry","category-actualite","category-mouvement-departemental-et-national"],"_links":{"self":[{"href":"https:\/\/snudifo47.net\/new\/wp-json\/wp\/v2\/posts\/4719","targetHints":{"allow":["GET"]}}],"collection":[{"href":"https:\/\/snudifo47.net\/new\/wp-json\/wp\/v2\/posts"}],"about":[{"href":"https:\/\/snudifo47.net\/new\/wp-json\/wp\/v2\/types\/post"}],"author":[{"embeddable":true,"href":"https:\/\/snudifo47.net\/new\/wp-json\/wp\/v2\/users\/1"}],"replies":[{"embeddable":true,"href":"https:\/\/snudifo47.net\/new\/wp-json\/wp\/v2\/comments?post=4719"}],"version-history":[{"count":2,"href":"https:\/\/snudifo47.net\/new\/wp-json\/wp\/v2\/posts\/4719\/revisions"}],"predecessor-version":[{"id":4722,"href":"https:\/\/snudifo47.net\/new\/wp-json\/wp\/v2\/posts\/4719\/revisions\/4722"}],"wp:attachment":[{"href":"https:\/\/snudifo47.net\/new\/wp-json\/wp\/v2\/media?parent=4719"}],"wp:term":[{"taxonomy":"category","embeddable":true,"href":"https:\/\/snudifo47.net\/new\/wp-json\/wp\/v2\/categories?post=4719"},{"taxonomy":"post_tag","embeddable":true,"href":"https:\/\/snudifo47.net\/new\/wp-json\/wp\/v2\/tags?post=4719"}],"curies":[{"name":"wp","href":"https:\/\/api.w.org\/{rel}","templated":true}]}}