{"id":468,"date":"2015-11-23T11:23:00","date_gmt":"2015-11-23T10:23:00","guid":{"rendered":"https:\/\/snudifo47.net\/new\/2015\/11\/23\/ou-va-la-mgen\/"},"modified":"2015-11-23T11:23:00","modified_gmt":"2015-11-23T10:23:00","slug":"ou-va-la-mgen","status":"publish","type":"post","link":"https:\/\/snudifo47.net\/new\/2015\/11\/23\/ou-va-la-mgen\/","title":{"rendered":"O\u00f9 va la MGEN ?"},"content":{"rendered":"<p>\tSans aucune information pr\u00e9alable ni aucune discussion avec les sections, la direction de la MGEN avait convoqu\u00e9 une Assembl\u00e9e G\u00e9n\u00e9rale extraordinaire le 11 avril 2015 dont l\u2019unique point de l\u2019ordre du jour \u00e9tait un projet de \u00ab refonte de sa politique mutualiste \u00bb, pr\u00e9par\u00e9e depuis plusieurs mois.<br \/>\n\tLa majorit\u00e9 des d\u00e9l\u00e9gu\u00e9s a approuv\u00e9 la mise en place des cotisations diff\u00e9renci\u00e9es en 4 niveaux en mati\u00e8re de sant\u00e9, 5 niveaux en mati\u00e8re de pr\u00e9voyance, 8 tranches d\u2019\u00e2ges pour le calcul de cotisation des actifs et 2 pour les retrait\u00e9s. Chaque niveau correspond \u00e0 des prestations diff\u00e9rentes. Les taux de cotisations seront modul\u00e9s en fonction des tranches de revenus et de l\u2019\u00e2ge pour les actifs et les retrait\u00e9s (avant et apr\u00e8s 70 ans). Les cotisations des actifs de plus de 50 ans et des retrait\u00e9s de plus de 70 ans seront augment\u00e9es. Les cotisations enfants seront \u00e9galement r\u00e9\u00e9valu\u00e9es. <\/p>\n<p>\t<strong>Cette d\u00e9cision rompt avec le principe de solidarit\u00e9 entre malades et bien portants, entre les g\u00e9n\u00e9rations, entre cat\u00e9gories de personnels. Ainsi on passe du principe de <em>\u00ab chacun contribue selon ses moyens et re\u00e7oit selon ses besoins \u00bb<\/em> au principe en vigueur dans les soci\u00e9t\u00e9s d\u2019assurances priv\u00e9es <em>\u00ab chacun est plus ou moins couvert selon ses moyens \u00bb<\/em>.<\/strong><\/p>\n<p>\t<strong>D\u2019o\u00f9 vient cette d\u00e9cision ?<\/strong><\/p>\n<p>\tIl y a le d\u00e9ficit fabriqu\u00e9 de la S\u00e9curit\u00e9 Sociale depuis 1991 o\u00f9 ce sont plus de 500 milliards d\u2019euros d\u2019exon\u00e9rations accord\u00e9es au patronat par les gouvernements successifs. Il y a la s\u00e9rie des directives assurantielles europ\u00e9ennes, transcrites dans un nouveau code de la mutualit\u00e9 qui a align\u00e9 le mouvement mutualiste sur le mode de fonctionnement des compagnies d\u2019assurance.<br \/>\n&#8211; En 2005, suite \u00e0 un recours de la MGSP (Mutuelle g\u00e9n\u00e9rale des services publics), la commission europ\u00e9enne impose l\u2019abrogation de l\u2019arr\u00eat\u00e9 Chazelle exon\u00e9rant ainsi l\u2019Etat de verser des subventions aux mutuelles de fonctionnaires.<br \/>\n&#8211; L\u2019Accord National Interprofessionnel du 11 janvier 2012 en imposant aux employeurs du secteur priv\u00e9 de financer au moins 50% de la compl\u00e9mentaire sant\u00e9 devenue obligatoire pour les salari\u00e9s, fait perdre des adh\u00e9rents aux mutuelles et favorise les grands groupes d\u2019assurance priv\u00e9s et les institutions de pr\u00e9voyance.<br \/>\n&#8211; La \u00ab refonte de la politique mutualiste \u00bb adopt\u00e9e le 11 avril 2015 s\u2019inscrit dans cette logique d\u2019accompagnement de la baisse des remboursements S\u00e9curit\u00e9 sociale et de la loi Touraine qui g\u00e9n\u00e9ralise le tiers payant, v\u00e9ritable outil de soumission des m\u00e9decins aux contraintes budg\u00e9taires et aux mutuelles.<\/p>\n<p>\t<strong>Tout ce processus est cons\u00e9cutif au d\u00e9mant\u00e8lement de la S\u00e9curit\u00e9 Sociale<\/strong> frapp\u00e9e par la politique d\u2019aust\u00e9rit\u00e9 et le pacte de responsabilit\u00e9 et accompagne la baisse des remboursements S\u00e9curit\u00e9 sociale. <\/p>\n<p>\tLorsque la MGEN refuse d\u2019engager le combat contre le d\u00e9mant\u00e8lement de la S\u00e9curit\u00e9 Sociale frapp\u00e9e par la politique d\u2019aust\u00e9rit\u00e9 et le pacte de responsabilit\u00e9 \u2013 tous d\u00e9nonc\u00e9 par FO \u2013 on trouve l\u00e0 l\u2019origine de sa transformation en groupe financier assurantiel. La responsabilit\u00e9, c&rsquo;est pour nous, l&rsquo;aust\u00e9rit\u00e9, cela ne sera pas pour tout le monde&#8230;<\/p>\n<p>\t<strong>Les cons\u00e9quences pratiques de cette d\u00e9cision apparaissent au grand jour aujourd\u2019hui : Des cotisations augment\u00e9es et diff\u00e9renci\u00e9es selon le niveau de protection.<\/strong><\/p>\n<p>\tCette <em>\u00ab refonte de la politique mutualiste \u00bb<\/em> de la MGEN consiste donc d\u2019abord \u00e0 <strong>augmenter le montant des cotisations<\/strong> pour les enfants, les plus de 50 ans et les retrait\u00e9s d\u00e9j\u00e0 frapp\u00e9s par le blocage des retraites.<br \/>\nAu 1 er janvier 2016, les offres, avec les nouveaux tarifs (souvent augment\u00e9s), seront modifi\u00e9es automatiquement sans que les adh\u00e9rents puissent donner leur avis sinon changer d&rsquo;offre \u2013 ou de mutuelle \u2013 s&rsquo;ils le d\u00e9sirent.<\/p>\n<p>\tLa diff\u00e9renciation des cotisations et des offres est aggrav\u00e9e par <strong>une base de calcul \u00e9largie<\/strong>. Pour les actifs, elle est \u00e9tendue \u00e0 tous les revenus bruts fiscaux, tous employeurs confondus. Pour les futurs retrait\u00e9s la cotisation int\u00e8gre l\u2019ensemble des pensions personnelles des r\u00e9gimes de base obligatoires et des r\u00e9gimes de retraite compl\u00e9mentaire obligatoires.<\/p>\n<p>\tSi la MGEN annonce \u00eatre toujours tr\u00e8s bien plac\u00e9e par rapport \u00e0 ses concurrentes, elle a rompu avec son mod\u00e8le solidaire et mutualiste alors m\u00eame qu&rsquo;on ne parle sans cesse de solidarit\u00e9\u2026<\/p>\n<p>\t<strong>Depuis des ann\u00e9es FO d\u00e9nonce la d\u00e9rive assurancielle des mutuelles li\u00e9e aux contre-r\u00e9formes successives contre la S\u00e9curit\u00e9 Sociale : on y est !<br \/>\nPour les \u00e9conomistes lib\u00e9raux, la concurrence <em>`libre et non fauss\u00e9e`<\/em> des assurances doit se substituer \u00e0 la solidarit\u00e9. Pour FO, notre revendication, c&rsquo;est la d\u00e9fense de la S\u00e9curit\u00e9 Sociale de 1945.<\/strong><\/p>\n","protected":false},"excerpt":{"rendered":"<p>Sans aucune information pr\u00e9alable ni aucune discussion avec les sections, la direction de la MGEN avait convoqu\u00e9 une Assembl\u00e9e G\u00e9n\u00e9rale extraordinaire le 11 avril 2015 dont l\u2019unique point de l\u2019ordre du jour \u00e9tait un projet de \u00ab refonte de sa politique mutualiste \u00bb, pr\u00e9par\u00e9e depuis plusieurs mois. La majorit\u00e9 des d\u00e9l\u00e9gu\u00e9s a approuv\u00e9 la mise [&hellip;]<\/p>\n","protected":false},"author":1,"featured_media":0,"comment_status":"closed","ping_status":"open","sticky":false,"template":"","format":"standard","meta":{"footnotes":""},"categories":[1],"tags":[],"class_list":["post-468","post","type-post","status-publish","format-standard","hentry","category-non-classe"],"_links":{"self":[{"href":"https:\/\/snudifo47.net\/new\/wp-json\/wp\/v2\/posts\/468","targetHints":{"allow":["GET"]}}],"collection":[{"href":"https:\/\/snudifo47.net\/new\/wp-json\/wp\/v2\/posts"}],"about":[{"href":"https:\/\/snudifo47.net\/new\/wp-json\/wp\/v2\/types\/post"}],"author":[{"embeddable":true,"href":"https:\/\/snudifo47.net\/new\/wp-json\/wp\/v2\/users\/1"}],"replies":[{"embeddable":true,"href":"https:\/\/snudifo47.net\/new\/wp-json\/wp\/v2\/comments?post=468"}],"version-history":[{"count":0,"href":"https:\/\/snudifo47.net\/new\/wp-json\/wp\/v2\/posts\/468\/revisions"}],"wp:attachment":[{"href":"https:\/\/snudifo47.net\/new\/wp-json\/wp\/v2\/media?parent=468"}],"wp:term":[{"taxonomy":"category","embeddable":true,"href":"https:\/\/snudifo47.net\/new\/wp-json\/wp\/v2\/categories?post=468"},{"taxonomy":"post_tag","embeddable":true,"href":"https:\/\/snudifo47.net\/new\/wp-json\/wp\/v2\/tags?post=468"}],"curies":[{"name":"wp","href":"https:\/\/api.w.org\/{rel}","templated":true}]}}