{"id":465,"date":"2015-11-20T08:33:29","date_gmt":"2015-11-20T07:33:29","guid":{"rendered":"https:\/\/snudifo47.net\/new\/2015\/11\/20\/simplification-des-taches-administratives-des-directeurs-de-qui-se-moque-t-on\/"},"modified":"2015-11-20T08:33:29","modified_gmt":"2015-11-20T07:33:29","slug":"simplification-des-taches-administratives-des-directeurs-de-qui-se-moque-t-on","status":"publish","type":"post","link":"https:\/\/snudifo47.net\/new\/2015\/11\/20\/simplification-des-taches-administratives-des-directeurs-de-qui-se-moque-t-on\/","title":{"rendered":"\u00ab\u00a0Simplification\u00a0\u00bb des t\u00e2ches administratives des directeurs : de qui se moque-t-on ?"},"content":{"rendered":"<p class=\"post_excerpt\">Sous couvert de \u00ab\u00a0simplification des t\u00e2ches administratives des directeurs\u00a0\u00bb, le minist\u00e8re multiplie les outils pour accompagner l&rsquo;accroissement permanent de leurs t\u00e2ches et responsabilit\u00e9s.<\/p>\n<p><!--more--><br \/>\nTous les directeurs en font le constat\u00a0: on assiste \u00e0 une aggravation constante de la charge de travail administratif et des responsabilit\u00e9s des directeurs d&rsquo;\u00e9coles.  La mise en place des PEdT et l&rsquo;ensemble des dispositifs institu\u00e9s par la loi Peillon dite de Refondation y contribuent largement. Dernier exemple en date\u00a0: chacun a pu prendre connaissance dans un courriel du minist\u00e8re en date du 4 novembre intitul\u00e9 \u00ab\u00a0Nouveaux outils pour les directeurs d&rsquo;\u00e9coles\u00a0\u00bb de la mise en place d&rsquo;une formation sur M@gist\u00e8re \u00ab\u00a0sur l&rsquo;accueil et l\u2019accompagnement des contrats aid\u00e9s CUI-CAE\u00a0(contrat unique d&rsquo;insertion &#8211; contrat d&rsquo;accompagnement dans l&#8217;emploi) en \u00e9cole\u00a0\u00bb\u00a0! <\/p>\n<p>C&rsquo;est dans ce contexte que s&rsquo;est tenu le 12 novembre \u00e0 la DSDEN un groupe de travail relatif \u00e0 la \u00ab\u00a0simplification des t\u00e2ches administratives des directeurs\u00a0\u00bb, dans le cadre de l&rsquo;\u00e9laboration d&rsquo;un protocole acad\u00e9mique. <\/p>\n<p>Le contenu de la r\u00e9union a confirm\u00e9 ce que nous avons indiqu\u00e9 en pr\u00e9alable\u00a0: parler de simplification rel\u00e8ve de l&rsquo;abus de langage. En effet, l&rsquo;objet de la r\u00e9union \u00e9tait d&rsquo;enregistrer les diff\u00e9rents outils \u2013 num\u00e9riques, de formation et d&rsquo;information \u2013 mis en place \u00e0 diff\u00e9rents niveaux pour accompagner les directeurs et d\u00e9j\u00e0 \u00e9voqu\u00e9s dans les deux pr\u00e9c\u00e9dentes r\u00e9unions. Si certains de ces outils peuvent pr\u00e9senter un int\u00e9r\u00eat, force est de constater qu&rsquo;en eux m\u00eames ils ne simplifient en rien les t\u00e2ches administratives. En r\u00e9alit\u00e9, ils sont l\u00e0 pour accompagner l&rsquo;alourdissement des t\u00e2ches et des responsabilit\u00e9s qui incombent aux directeurs d&rsquo;\u00e9coles, avec un objectif : qu&rsquo;ils en fassent toujours plus sans rechigner.<\/p>\n<p>Le minist\u00e8re aurait tort de croire qu&rsquo;il peut ainsi abuser les directeurs d&rsquo;\u00e9coles et leur faire avaler l\u2019aggravation de leurs conditions de travail. <\/p>\n<p>Le SNUDI-FO rappelle ses revendications pour un v\u00e9ritable all\u00e8gement de leurs t\u00e2ches :<br \/>\n&#8211; l&rsquo;arr\u00eat de toutes les tentatives de l&rsquo;administration de reporter sur les directeurs d&rsquo;\u00e9cole des responsabilit\u00e9s qui ne sont pas les leurs\u00a0;<br \/>\n&#8211; l&rsquo;arr\u00eat de toutes les obligations qui ne leur incombaient pas et qui leur ont \u00e9t\u00e9 transf\u00e9r\u00e9es\u00a0;<br \/>\n&#8211; l\u2019am\u00e9lioration du r\u00e9gime de d\u00e9charges de service pour tous les directeurs, pas un directeur sans d\u00e9charge statutaire (2 jours par mois pour les directeurs \u00e0 classe unique, 6 h par semaine pour les directeurs de 2 et 3 classes, 12 h par semaine pour les directeurs de 4 \u00e0 7 classes, temps complet pour les directeurs de 8 classes et plus)\u00a0;<br \/>\n&#8211; une r\u00e9elle am\u00e9lioration financi\u00e8re (100 points d\u2019indice pour tous), le versement aux \u00ab\u00a0faisant-fonction\u00a0\u00bb d\u2019une r\u00e9mun\u00e9ration identique \u00e0 celle des directeurs qu\u2019ils remplacent\u00a0;<br \/>\n&#8211; l\u2019all\u00e8gement des t\u00e2ches et le respect du d\u00e9cret de 89-122 du 24 f\u00e9vrier 1989 qui pr\u00e9cise leurs missions.<\/p>\n","protected":false},"excerpt":{"rendered":"<p>Sous couvert de \u00ab\u00a0simplification des t\u00e2ches administratives des directeurs\u00a0\u00bb, le minist\u00e8re multiplie les outils pour accompagner l&rsquo;accroissement permanent de leurs t\u00e2ches et responsabilit\u00e9s.<\/p>\n","protected":false},"author":1,"featured_media":0,"comment_status":"closed","ping_status":"open","sticky":false,"template":"","format":"standard","meta":{"footnotes":""},"categories":[37],"tags":[],"class_list":["post-465","post","type-post","status-publish","format-standard","hentry","category-direction-decole"],"_links":{"self":[{"href":"https:\/\/snudifo47.net\/new\/wp-json\/wp\/v2\/posts\/465","targetHints":{"allow":["GET"]}}],"collection":[{"href":"https:\/\/snudifo47.net\/new\/wp-json\/wp\/v2\/posts"}],"about":[{"href":"https:\/\/snudifo47.net\/new\/wp-json\/wp\/v2\/types\/post"}],"author":[{"embeddable":true,"href":"https:\/\/snudifo47.net\/new\/wp-json\/wp\/v2\/users\/1"}],"replies":[{"embeddable":true,"href":"https:\/\/snudifo47.net\/new\/wp-json\/wp\/v2\/comments?post=465"}],"version-history":[{"count":0,"href":"https:\/\/snudifo47.net\/new\/wp-json\/wp\/v2\/posts\/465\/revisions"}],"wp:attachment":[{"href":"https:\/\/snudifo47.net\/new\/wp-json\/wp\/v2\/media?parent=465"}],"wp:term":[{"taxonomy":"category","embeddable":true,"href":"https:\/\/snudifo47.net\/new\/wp-json\/wp\/v2\/categories?post=465"},{"taxonomy":"post_tag","embeddable":true,"href":"https:\/\/snudifo47.net\/new\/wp-json\/wp\/v2\/tags?post=465"}],"curies":[{"name":"wp","href":"https:\/\/api.w.org\/{rel}","templated":true}]}}