{"id":4525,"date":"2024-03-04T16:28:16","date_gmt":"2024-03-04T15:28:16","guid":{"rendered":"https:\/\/snudifo47.net\/new\/?p=4525"},"modified":"2024-03-04T16:30:05","modified_gmt":"2024-03-04T15:30:05","slug":"coupes-budgetaires-700-millions-pour-leducation-nationale","status":"publish","type":"post","link":"https:\/\/snudifo47.net\/new\/2024\/03\/04\/coupes-budgetaires-700-millions-pour-leducation-nationale\/","title":{"rendered":"Coupes budg\u00e9taires : &#8211; 700 millions pour l\u2019\u00c9ducation nationale"},"content":{"rendered":"\n<p>Par un d\u00e9cret publi\u00e9 le 22 f\u00e9vrier au <em>Journal officiel<\/em>, ce sont 10 milliards d&rsquo;euros de coupes suppl\u00e9mentaires au budget 2024. L&rsquo;\u00e9cole publique et la jeune g\u00e9n\u00e9ration font partie des sacrifi\u00e9s. Le d\u00e9cret r\u00e9duit ainsi de pr\u00e8s de 700 millions d&rsquo;euros (- 692 millions) les cr\u00e9dits allou\u00e9s \u00e0 l\u2019\u00c9ducation nationale ! Dont &#8211; 138 millions pour le 1er degr\u00e9. Selon <em>Le Caf\u00e9 p\u00e9dagogique<\/em> (22 f\u00e9vrier), 2 620 postes pourraient dispara\u00eetre dans les \u00e9coles \u00e0 la rentr\u00e9e de septembre. Ils s&rsquo;ajouteraient aux 650 postes d\u00e9j\u00e0 supprim\u00e9s.<\/p>\n\n\n\n<p>Ce sont \u00e9galement, pour la ligne budg\u00e9taire \u00ab\u00a0Vie de l\u2019\u00e9l\u00e8ve\u00a0\u00bb 262 millions qui sont ray\u00e9s d&rsquo;un trait de plume, dont &#8211; 164 millions sur le titre 2 (postes de CPE, AED, AESH, m\u00e9decins, infirmiers\u2026). Cela pourrait aboutir \u00e0 la suppression de 4 600 postes d&rsquo;AED (assistant d&rsquo;\u00e9ducation) et d&rsquo;AESH ! Une nouvelle aggravation programm\u00e9e des conditions de scolarisation des \u00e9l\u00e8ves en situation de handicap.<\/p>\n\n\n\n<p>Mais qu&rsquo;on se rassure :<em> \u00ab\u00a0Cela n&rsquo;aura aucun impact sur les annonces d\u00e9j\u00e0 faites concernant la rentr\u00e9e scolaire ou sur le choc des savoirs\u00a0\u00bb<\/em>, d\u00e9clare le minist\u00e8re de l\u2019\u00c9ducation nationale&#8230; La nouvelle ministre, Madame Belloubet, maintient donc la mise en place des \u00ab\u00a0groupes de niveau\u00a0\u00bb pour les 6e et les 5e d\u00e8s la rentr\u00e9e de septembre 2024, contre lesquels nos coll\u00e8gues des coll\u00e8ges sont vent-debout.<\/p>\n\n\n\n<p><strong>Face \u00e0 cette politique de casse du service public, avons-nous d&rsquo;autres choix, pour pr\u00e9server nos conditions de travail et l&rsquo;acc\u00e8s \u00e9gal de nos \u00e9l\u00e8ves \u00e0 l&rsquo;instruction que de dresser nos revendications et discuter des moyens de les faire aboutir ?<\/strong><\/p>\n\n\n\n<p><strong>-&gt; Lire le <a href=\"https:\/\/fo-snudi.fr\/wp-content\/uploads\/2024\/03\/240228-courrier-FNEC-MEN-reduction-budget2.pdf\" target=\"_blank\" rel=\"noreferrer noopener\">courrier de la FNEC FP-FO \u00e0 la ministre<\/a>.<\/strong><\/p>\n\n\n\n<p class=\"has-text-align-center has-vivid-red-color has-text-color has-medium-font-size\"><strong>Que se passe-t-il en Seine-Saint-Denis ?<\/strong><\/p>\n\n\n\n<p>Lundi 26 f\u00e9vrier, jour de la rentr\u00e9e dans les acad\u00e9mies de la r\u00e9gion parisienne, nos coll\u00e8gues de Seine-Saint-Denis \u00e9taient en gr\u00e8ve, particuli\u00e8rement dans les coll\u00e8ges o\u00f9 les taux de gr\u00e9vistes ont parfois atteint les 85 \u00e0 90 %. Comme le dit une enseignante de Montreuil,<em> \u00ab\u00a0nous \u00e9tions partis en cong\u00e9 sans savoir que nous ferions gr\u00e8ve le jour de la rentr\u00e9e\u00a0\u00bb<\/em>. Que s&rsquo;est-il pass\u00e9 ?<\/p>\n\n\n\n<p>Quatre organisations syndicales du d\u00e9partement (FSU, CGT, Solidaires, CNT) appelaient <em>\u00ab\u00a0\u00e0 ne pas faire la rentr\u00e9e le 26 f\u00e9vrier\u00a0\u00bb<\/em> pour <em>\u00ab\u00a0un plan d&rsquo;urgence pour le 93\u00a0\u00bb<\/em>. Dans le contexte du rejet de la mise en place des \u00ab\u00a0groupes de niveau\u00a0\u00bb est arriv\u00e9e au cours des vacances l&rsquo;annonce par le gouvernement des 10 milliards d&rsquo;euros de rabotage budg\u00e9taire, dont les 700 millions pour l&rsquo;\u00c9ducation nationale. Cela a \u00e9t\u00e9 ressenti comme une v\u00e9ritable provocation. Comme l&rsquo;affirme le SNFOLC (syndicat FO des lyc\u00e9es et coll\u00e8ges),<em> \u00ab\u00a0dans ce mouvement de rejet de \u00ab\u00a0la r\u00e9forme de trop\u00a0\u00bb, s&rsquo;engouffrent aujourd&rsquo;hui tous les motifs de col\u00e8re accumul\u00e9s.\u00a0\u00bb<\/em><\/p>\n\n\n\n<p>Lors du rassemblement qui s&rsquo;est tenu le 27 f\u00e9vrier devant la DSDEN du 93, des coll\u00e8gues expliquaient : <em>\u00ab\u00a0Nous voulons que le mouvement perdure, parce qu&rsquo;on sait qu&rsquo;on n&rsquo;est pas \u00e9cout\u00e9 quand on fait des gr\u00e8ves perl\u00e9es. (&#8230;) Nous r\u00e9clamons des moyens pour le 93 mais nous sommes convaincus que les probl\u00e8mes sont les m\u00eames ailleurs. (&#8230;) Il faut un vrai mouvement national.\u00a0\u00bb<\/em><\/p>\n\n\n\n<p>La gr\u00e8ve s&rsquo;est poursuivie les jours suivants. Un appel \u00e0 faire du jeudi 7 mars une journ\u00e9e de gr\u00e8ve massive et \u00e0 manifester au minist\u00e8re a \u00e9t\u00e9 lanc\u00e9.<\/p>\n\n\n\n<p><strong>-&gt; Lire le <a href=\"https:\/\/www.fo-fnecfp.fr\/wp-content\/uploads\/2024\/02\/24-02-26-Greve-des-la-rentree-dans-le-93-cest-maintenant.pdf\" target=\"_blank\" rel=\"noreferrer noopener\">communiqu\u00e9 de la FNEC FP-FO<\/a>.<\/strong><\/p>\n\n\n\n<p class=\"has-vivid-red-color has-light-green-cyan-background-color has-text-color has-background\"><strong>Le SNUDI<em>FO<\/em>47 propose : Partout dans nos \u00e9coles, dans nos secteurs, r\u00e9unissons-nous. Dressons la liste de nos revendications, discutons des initiatives \u00e0 prendre pour les faire valoir, mandatons nos d\u00e9l\u00e9gu\u00e9s pour regrouper les forces et pr\u00e9parer la riposte d&rsquo;ensemble contre l&rsquo;offensive de choc de destruction de l&rsquo;\u00e9cole publique. Le syndicat se tient \u00e0 votre disposition pour y aider.<\/strong><\/p>\n","protected":false},"excerpt":{"rendered":"<p>Par un d\u00e9cret publi\u00e9 le 22 f\u00e9vrier au Journal officiel, ce sont 10 milliards d&rsquo;euros de coupes suppl\u00e9mentaires au budget 2024. L&rsquo;\u00e9cole publique et la jeune g\u00e9n\u00e9ration font partie des sacrifi\u00e9s. Le d\u00e9cret r\u00e9duit ainsi de pr\u00e8s de 700 millions d&rsquo;euros (- 692 millions) les cr\u00e9dits allou\u00e9s \u00e0 l\u2019\u00c9ducation nationale ! Dont &#8211; 138 millions [&hellip;]<\/p>\n","protected":false},"author":1,"featured_media":0,"comment_status":"open","ping_status":"open","sticky":false,"template":"","format":"standard","meta":{"footnotes":""},"categories":[2,115],"tags":[],"class_list":["post-4525","post","type-post","status-publish","format-standard","hentry","category-actualite","category-actions-actualite"],"_links":{"self":[{"href":"https:\/\/snudifo47.net\/new\/wp-json\/wp\/v2\/posts\/4525","targetHints":{"allow":["GET"]}}],"collection":[{"href":"https:\/\/snudifo47.net\/new\/wp-json\/wp\/v2\/posts"}],"about":[{"href":"https:\/\/snudifo47.net\/new\/wp-json\/wp\/v2\/types\/post"}],"author":[{"embeddable":true,"href":"https:\/\/snudifo47.net\/new\/wp-json\/wp\/v2\/users\/1"}],"replies":[{"embeddable":true,"href":"https:\/\/snudifo47.net\/new\/wp-json\/wp\/v2\/comments?post=4525"}],"version-history":[{"count":2,"href":"https:\/\/snudifo47.net\/new\/wp-json\/wp\/v2\/posts\/4525\/revisions"}],"predecessor-version":[{"id":4527,"href":"https:\/\/snudifo47.net\/new\/wp-json\/wp\/v2\/posts\/4525\/revisions\/4527"}],"wp:attachment":[{"href":"https:\/\/snudifo47.net\/new\/wp-json\/wp\/v2\/media?parent=4525"}],"wp:term":[{"taxonomy":"category","embeddable":true,"href":"https:\/\/snudifo47.net\/new\/wp-json\/wp\/v2\/categories?post=4525"},{"taxonomy":"post_tag","embeddable":true,"href":"https:\/\/snudifo47.net\/new\/wp-json\/wp\/v2\/tags?post=4525"}],"curies":[{"name":"wp","href":"https:\/\/api.w.org\/{rel}","templated":true}]}}