{"id":451,"date":"2015-10-15T13:55:32","date_gmt":"2015-10-15T11:55:32","guid":{"rendered":"https:\/\/snudifo47.net\/new\/2015\/10\/15\/formation-audience-dasen-ris\/"},"modified":"2015-10-15T13:55:32","modified_gmt":"2015-10-15T11:55:32","slug":"formation-audience-dasen-ris","status":"publish","type":"post","link":"https:\/\/snudifo47.net\/new\/2015\/10\/15\/formation-audience-dasen-ris\/","title":{"rendered":"Formation | Audience DASEN | RIS"},"content":{"rendered":"<h2>Formation Continue : peut-on encore parler d\u2019un droit ?<\/h2>\n<p><strong>Vous avez dit <em>\u00ab Groupe de travail \u00bb<\/em> ?<\/strong><br \/>\nUn constat s&rsquo;impose : l&rsquo;offre de stages d\u00e9finie est en lien avec la Loi Peillon dite de Refondation de l&rsquo;Ecole : l&rsquo;\u00e9crasante majorit\u00e9 des stages est \u00e0 public d\u00e9sign\u00e9, cela repr\u00e9sente 88 % de l&rsquo;offre. A proprement parler, il conviendrait plut\u00f4t de parler non pas de stages de formation, mais de conformation aux orientations minist\u00e9rielles.<br \/>\nPour les stages \u00e0 candidature (soit 5 stages !), les listes sont faites en amont par l&rsquo;administration qui r\u00e9partit les coll\u00e8gues en fonction des places disponibles et de leur bar\u00e8mes. <\/p>\n<p>Lire la suite de l&rsquo;article en cliquant sur ce lien : <strong> <a href=\"article518.html\">Formation Continue : peut-on encore parler d&rsquo;un droit ?<\/a> <\/strong><\/p>\n<hr \/>\n<h2>Quand le DASEN s\u2019essaie au dialogue social&#8230;<\/h2>\n<p>Le SNUDI FO a r\u00e9pondu \u00e0 l\u2019invitation du DASEN et a donc \u00e9t\u00e9 re\u00e7u le 5 octobre.Retour ligne automatique<br \/>\nSi nous avons pu aborder les points que nous souhaitions, force est de constater que l\u2019administration nous a juste \u00e9cout\u00e9 poliment.<\/p>\n<p>Lire notre compte-rendu en cliquant sur ce lien : <strong> <a href=\"article517.html\">Quand le DASEN s&rsquo;essaie au dialogue social\u2026<\/a> <\/strong><\/p>\n<hr \/>\n<h2>Planning des R\u00e9unions d\u2019Information Syndicales FO<\/h2>\n<p>Pour rappel, la programmation des RIS FO est affich\u00e9e ici : <strong> <a href=\"article508.html\">Planning des R\u00e9unions d&rsquo;Information Syndicales FO<\/a> <\/strong><\/p>\n","protected":false},"excerpt":{"rendered":"<p>Formation Continue : peut-on encore parler d\u2019un droit ? Vous avez dit \u00ab Groupe de travail \u00bb ? Un constat s&rsquo;impose : l&rsquo;offre de stages d\u00e9finie est en lien avec la Loi Peillon dite de Refondation de l&rsquo;Ecole : l&rsquo;\u00e9crasante majorit\u00e9 des stages est \u00e0 public d\u00e9sign\u00e9, cela repr\u00e9sente 88 % de l&rsquo;offre. A proprement [&hellip;]<\/p>\n","protected":false},"author":1,"featured_media":0,"comment_status":"closed","ping_status":"open","sticky":false,"template":"","format":"standard","meta":{"footnotes":""},"categories":[97],"tags":[],"class_list":["post-451","post","type-post","status-publish","format-standard","hentry","category-la-lettre-dinformation-actualite"],"_links":{"self":[{"href":"https:\/\/snudifo47.net\/new\/wp-json\/wp\/v2\/posts\/451","targetHints":{"allow":["GET"]}}],"collection":[{"href":"https:\/\/snudifo47.net\/new\/wp-json\/wp\/v2\/posts"}],"about":[{"href":"https:\/\/snudifo47.net\/new\/wp-json\/wp\/v2\/types\/post"}],"author":[{"embeddable":true,"href":"https:\/\/snudifo47.net\/new\/wp-json\/wp\/v2\/users\/1"}],"replies":[{"embeddable":true,"href":"https:\/\/snudifo47.net\/new\/wp-json\/wp\/v2\/comments?post=451"}],"version-history":[{"count":0,"href":"https:\/\/snudifo47.net\/new\/wp-json\/wp\/v2\/posts\/451\/revisions"}],"wp:attachment":[{"href":"https:\/\/snudifo47.net\/new\/wp-json\/wp\/v2\/media?parent=451"}],"wp:term":[{"taxonomy":"category","embeddable":true,"href":"https:\/\/snudifo47.net\/new\/wp-json\/wp\/v2\/categories?post=451"},{"taxonomy":"post_tag","embeddable":true,"href":"https:\/\/snudifo47.net\/new\/wp-json\/wp\/v2\/tags?post=451"}],"curies":[{"name":"wp","href":"https:\/\/api.w.org\/{rel}","templated":true}]}}