{"id":432,"date":"2015-06-02T21:12:00","date_gmt":"2015-06-02T19:12:00","guid":{"rendered":"https:\/\/snudifo47.net\/new\/2015\/06\/02\/cedre-souriez-vous-etes-evalue\/"},"modified":"2015-06-02T21:12:00","modified_gmt":"2015-06-02T19:12:00","slug":"cedre-souriez-vous-etes-evalue","status":"publish","type":"post","link":"https:\/\/snudifo47.net\/new\/2015\/06\/02\/cedre-souriez-vous-etes-evalue\/","title":{"rendered":"CEDRE : Souriez, vous \u00eates \u00e9valu\u00e9."},"content":{"rendered":"<p class=\"post_excerpt\">D\u00e9sormais, nous avons CEDRE : l&rsquo;\u00e9valuation du savoir faire et du savoir-\u00eatre de l&rsquo;enseignant&#8230; par les enfants (et leur famille) !<\/p>\n<p><!--more--><br \/>\nNous portons au regard  de votre analyse critique sur l\u2019\u00e9valuation nationale CEDRE (<strong>C<\/strong>ycle des <strong>E<\/strong>valuations <strong>D<\/strong>isciplinaires <strong>R<\/strong>\u00e9alis\u00e9s sur <strong>E<\/strong>chantillons) concernant la ma\u00eetrise de la langue en fin d\u2019\u00e9cole primaire.<br \/>\nCes \u00e9valuations nationales se d\u00e9roulent du 18 au 29 mai dans 518 \u00e9coles\u00a0 <em>\u00ab tir\u00e9es au sort \u00bb<\/em>. Tous les \u00e9l\u00e8ves de CM2 de ces \u00e9coles sont concern\u00e9s.<\/p>\n<p>Outre le travail consid\u00e9rable que cette \u00e9valuation demande aux coll\u00e8gues et qui ne rentre pas dans le cadre de leurs obligations de service, sa derni\u00e8re partie laisse perplexe quant \u00e0 son but r\u00e9el.<br \/>\nEn effet de la page 55 \u00e0 66, le questionnaire soumis aux \u00e9l\u00e8ves n\u2019a rien \u00e0 voir avec la ma\u00eetrise de la langue mais rel\u00e8ve d\u2019une \u00e9valuation de l\u2019enseignant par ses \u00e9l\u00e8ves \u00e0 qui on demande d\u2019exprimer leur ressenti face \u00e0 certaines situations !<\/p>\n<p>Qu\u2019on en juge par quelques questions relev\u00e9es dans cette \u00e9valuation :<br \/>\n<em>\u00ab En classe, je travaille parce que je n\u2019ai pas envie que mon enseignant(e) me punisse \u00bb<\/em><br \/>\n<em>\u00ab Franchement, je n\u2019arrive pas \u00e0 voir \u00e0 quoi sert de travailler \u00e0 l\u2019\u00e9cole \u00bb<\/em><br \/>\nHabituellement \u00e0 l\u2019\u00e9cole ou avant d\u2019y aller : <em>\u00ab J\u2019ai peur \u00bb<\/em>, <em>\u00ab J\u2019ai mal \u00e0 la t\u00eate \u00bb<\/em>, <em>\u00ab je me sens g\u00ean\u00e9 avec le ma\u00eetre ou les autres \u00e9l\u00e8ves \u00bb<\/em>  et d\u2019autres questions tout aussi choquantes !<\/p>\n<p>Pour le SNUDI-FO, l\u2019\u00e9valuation CEDRE s&rsquo;oriente vers une culpabilisation et une accusation des enseignants, dans le cadre plus large de la destruction de nos statuts au sein de la \u00ab\u00a0d\u00e9nationalisation\u00a0\u00bb de l&rsquo;\u00e9cole. Elle ne peut rev\u00eatir un caract\u00e8re obligatoire et les coll\u00e8gues sont en droit de refuser de la faire passer \u00e0 leurs \u00e9l\u00e8ves, en tout ou en partie et notamment sa fin dont les r\u00e9ponses doivent \u00eatre donn\u00e9es sous forme de QCM (ce qui n\u2019a rien \u00e0 voir avec la ma\u00eetrise de la langue) ne laissant la place \u00e0 aucune possibilit\u00e9 d&rsquo;explication, permettant toutes les interpr\u00e9tations&#8230;<\/p>\n<p>Nous invitons les coll\u00e8gues \u00e0 s&rsquo;adresser au SNUDIFO47 en cas de pressions de la hi\u00e9rarchie.<\/p>\n","protected":false},"excerpt":{"rendered":"<p>D\u00e9sormais, nous avons CEDRE : l&rsquo;\u00e9valuation du savoir faire et du savoir-\u00eatre de l&rsquo;enseignant&#8230; par les enfants (et leur famille) !<\/p>\n","protected":false},"author":1,"featured_media":0,"comment_status":"closed","ping_status":"open","sticky":false,"template":"","format":"standard","meta":{"footnotes":""},"categories":[112],"tags":[],"class_list":["post-432","post","type-post","status-publish","format-standard","hentry","category-statut-conditions-de-travail-actualite"],"_links":{"self":[{"href":"https:\/\/snudifo47.net\/new\/wp-json\/wp\/v2\/posts\/432","targetHints":{"allow":["GET"]}}],"collection":[{"href":"https:\/\/snudifo47.net\/new\/wp-json\/wp\/v2\/posts"}],"about":[{"href":"https:\/\/snudifo47.net\/new\/wp-json\/wp\/v2\/types\/post"}],"author":[{"embeddable":true,"href":"https:\/\/snudifo47.net\/new\/wp-json\/wp\/v2\/users\/1"}],"replies":[{"embeddable":true,"href":"https:\/\/snudifo47.net\/new\/wp-json\/wp\/v2\/comments?post=432"}],"version-history":[{"count":0,"href":"https:\/\/snudifo47.net\/new\/wp-json\/wp\/v2\/posts\/432\/revisions"}],"wp:attachment":[{"href":"https:\/\/snudifo47.net\/new\/wp-json\/wp\/v2\/media?parent=432"}],"wp:term":[{"taxonomy":"category","embeddable":true,"href":"https:\/\/snudifo47.net\/new\/wp-json\/wp\/v2\/categories?post=432"},{"taxonomy":"post_tag","embeddable":true,"href":"https:\/\/snudifo47.net\/new\/wp-json\/wp\/v2\/tags?post=432"}],"curies":[{"name":"wp","href":"https:\/\/api.w.org\/{rel}","templated":true}]}}