{"id":4290,"date":"2023-10-03T14:11:59","date_gmt":"2023-10-03T12:11:59","guid":{"rendered":"https:\/\/snudifo47.net\/new\/?p=4290"},"modified":"2023-10-03T15:30:13","modified_gmt":"2023-10-03T13:30:13","slug":"inclusion-scolaire-2","status":"publish","type":"post","link":"https:\/\/snudifo47.net\/new\/2023\/10\/03\/inclusion-scolaire-2\/","title":{"rendered":"<strong>Inclusion scolaire<\/strong>"},"content":{"rendered":"\n<p class=\"has-text-align-center is-style-plain has-pale-cyan-blue-background-color has-background\" style=\"font-size:30px\"><strong><mark style=\"background-color:rgba(0, 0, 0, 0)\" class=\"has-inline-color has-black-color\">Inclusion scolaire syst\u00e9matique<\/mark><\/strong><\/p>\n\n\n\n<p class=\"has-text-align-center is-style-plain has-pale-cyan-blue-background-color has-background\"><strong>STOP au chaos et \u00e0 la mise en danger des personnels et des \u00e9l\u00e8ves,<br>NON \u00e0 l\u2019Acte II de l\u2019Ecole Inclusive !<br>\u00a0 \u00a0\u00a0 \u00a0\u00a0<\/strong><br><em><strong>La FNEC FP-FO \u00e0 l\u2019initiative pour la d\u00e9fense de l\u2019enseignement sp\u00e9cialis\u00e9 :<br>pr\u00e9parons la Conf\u00e9rence nationale de d\u00e9l\u00e9gu\u00e9s du 17 novembre !<br>\u00a0\u00a0\u00a0<\/strong><\/em><br><a href=\"https:\/\/framaforms.org\/inclusion-scolaire-systematique-faites-remonter-vos-problematiques-1662108524\">Faites nous remonter toute situation probl\u00e9matique en remplissant notre enqu\u00eate en ligne<\/a><br><br><a href=\"https:\/\/www.snudifo13.org\/spaw\/uploads\/files\/national\/fnec\/FNEC_Conf_Nationale_Inclusion_080923.pdf\">Communiqu\u00e9 f\u00e9d\u00e9ral du 8 septembre<\/a><br><a href=\"https:\/\/www.snudifo13.org\/spaw\/uploads\/files\/national\/fnec\/Journal-Acte-2-inclusion_060923.pdf\">Journal f\u00e9d\u00e9ral sp\u00e9cial \u00ab\u00a0Acte 2 \u00e9cole inclusive\u00a0\u00bb<\/a>\u00a0\u00a0<\/p>\n","protected":false},"excerpt":{"rendered":"<p>Inclusion scolaire syst\u00e9matique STOP au chaos et \u00e0 la mise en danger des personnels et des \u00e9l\u00e8ves,NON \u00e0 l\u2019Acte II de l\u2019Ecole Inclusive !\u00a0 \u00a0\u00a0 \u00a0\u00a0La FNEC FP-FO \u00e0 l\u2019initiative pour la d\u00e9fense de l\u2019enseignement sp\u00e9cialis\u00e9 :pr\u00e9parons la Conf\u00e9rence nationale de d\u00e9l\u00e9gu\u00e9s du 17 novembre !\u00a0\u00a0\u00a0Faites nous remonter toute situation probl\u00e9matique en remplissant notre enqu\u00eate [&hellip;]<\/p>\n","protected":false},"author":1,"featured_media":0,"comment_status":"closed","ping_status":"open","sticky":false,"template":"","format":"standard","meta":{"footnotes":""},"categories":[131],"tags":[],"class_list":["post-4290","post","type-post","status-publish","format-standard","hentry","category-inclusion-scolaire"],"_links":{"self":[{"href":"https:\/\/snudifo47.net\/new\/wp-json\/wp\/v2\/posts\/4290","targetHints":{"allow":["GET"]}}],"collection":[{"href":"https:\/\/snudifo47.net\/new\/wp-json\/wp\/v2\/posts"}],"about":[{"href":"https:\/\/snudifo47.net\/new\/wp-json\/wp\/v2\/types\/post"}],"author":[{"embeddable":true,"href":"https:\/\/snudifo47.net\/new\/wp-json\/wp\/v2\/users\/1"}],"replies":[{"embeddable":true,"href":"https:\/\/snudifo47.net\/new\/wp-json\/wp\/v2\/comments?post=4290"}],"version-history":[{"count":5,"href":"https:\/\/snudifo47.net\/new\/wp-json\/wp\/v2\/posts\/4290\/revisions"}],"predecessor-version":[{"id":4296,"href":"https:\/\/snudifo47.net\/new\/wp-json\/wp\/v2\/posts\/4290\/revisions\/4296"}],"wp:attachment":[{"href":"https:\/\/snudifo47.net\/new\/wp-json\/wp\/v2\/media?parent=4290"}],"wp:term":[{"taxonomy":"category","embeddable":true,"href":"https:\/\/snudifo47.net\/new\/wp-json\/wp\/v2\/categories?post=4290"},{"taxonomy":"post_tag","embeddable":true,"href":"https:\/\/snudifo47.net\/new\/wp-json\/wp\/v2\/tags?post=4290"}],"curies":[{"name":"wp","href":"https:\/\/api.w.org\/{rel}","templated":true}]}}