{"id":374,"date":"2014-04-16T10:24:24","date_gmt":"2014-04-16T08:24:24","guid":{"rendered":"https:\/\/snudifo47.net\/new\/2014\/04\/16\/projet-de-decret-dannualisation-des-remplacants-fo-fsu-cgt-sud-votent-contre-le-ministre-desavoue\/"},"modified":"2014-04-16T10:24:24","modified_gmt":"2014-04-16T08:24:24","slug":"projet-de-decret-dannualisation-des-remplacants-fo-fsu-cgt-sud-votent-contre-le-ministre-desavoue","status":"publish","type":"post","link":"https:\/\/snudifo47.net\/new\/2014\/04\/16\/projet-de-decret-dannualisation-des-remplacants-fo-fsu-cgt-sud-votent-contre-le-ministre-desavoue\/","title":{"rendered":"Projet de d\u00e9cret d\u2019annualisation des rempla\u00e7ants : FO, FSU, CGT, SUD votent contre \u2026 le ministre d\u00e9savou\u00e9 !"},"content":{"rendered":"<p>Le 9 avril, le ministre a pr\u00e9sent\u00e9 au CTM un projet de d\u00e9cret qui fait dispara\u00eetre le maximum de 24 heures hebdomadaires d\u2019enseignement, une des garanties statutaires (D\u00e9cret de 90) essentielles pour tous les enseignants du 1er degr\u00e9.<\/p>\n<h2>Un d\u00e9cret annualisant les rempla\u00e7ants, cons\u00e9quence directe du d\u00e9cret du 24 janvier 2013 sur les rythmes scolaires<\/h2>\n<p>Cons\u00e9quence directe de la mise en oeuvre du d\u00e9cret du 24 janvier, contre lequel les personnels se sont mobilis\u00e9s tout au long de l\u2019ann\u00e9e 2013 et se mobilisent depuis le d\u00e9but 2014, ce projet pr\u00e9voit que les PE rempla\u00e7ants, les PE affect\u00e9s sur des compl\u00e9ments de services, seraient contraints d\u2019assurer jusqu\u2019\u00e0 27 \/28 heures d\u2019enseignement hebdomadaire, voire 30 heures dans certaines situations. <\/p>\n<p>Selon leur mission tous les PE n\u2019auraient plus les m\u00eames obligations de services. C\u2019est l\u2019\u00e9clatement du corps des PE, l\u2019affaiblissement des normes nationales, la d\u00e9gradation des conditions de travail, l\u2019individualisation des relations avec la hi\u00e9rarchie. <\/p>\n<p>Tout ce qui a suscit\u00e9 le rejet de la r\u00e9forme des rythmes scolaires est concentr\u00e9 dans ce projet de d\u00e9cret.  <\/p>\n<h2>Avec les rythmes scolaires, c\u2019est l\u2019annualisation de tous les PE et la d\u00e9r\u00e9glementation g\u00e9n\u00e9ralis\u00e9e<\/h2>\n<p>Qui peut croire qu\u2019avec la d\u00e9sorganisation, la dislocation du cadre national cr\u00e9\u00e9es par les rythmes scolaires tous les PE ne seront pas vis\u00e9s par la d\u00e9r\u00e9glementation et l\u2019annualisation des horaires en fonction des projets \u00e9ducatifs territoriaux ? <\/p>\n<p>Aucun nouveau maxima \u00e0 27 heures hebdomadaires, aucune r\u00e9cup\u00e9ration pond\u00e9r\u00e9e, aucun contr\u00f4le des plages de r\u00e9cup\u00e9ration, fut-il par le CTSD, ne peut compenser la disparition du maximum de 24 heures hebdomadaires d\u2019enseignement. <\/p>\n<p>Le seul maximum compatible avec les int\u00e9r\u00eats des enseignants qui garantit des conditions de travail acceptables ce sont les 24 heures hebdomadaires fix\u00e9 par le d\u00e9cret de 90. Force Ouvri\u00e8re n\u2019a pas oubli\u00e9 les millions de journ\u00e9es de r\u00e9cup\u00e9ration perdues par les personnels dans les h\u00f4pitaux par manque de moyens de remplacement. <\/p>\n<h2>Au CTM du 9 avril FO, FSU, CGT et SUD ont vot\u00e9 contre<\/h2>\n<p>Le premier ministre, tout juste nomm\u00e9, a annonc\u00e9 le 8 avril \u00ab un assouplissement de cadre r\u00e9glementaire des rythmes scolaires \u00bb. <\/p>\n<p>Jour apr\u00e8s jour, de plus en plus de maires annoncent qu\u2019ils ne mettront pas en place la r\u00e9forme des rythmes scolaire \u00e0 la rentr\u00e9e 2014, des rassemblements, des lettres ouvertes, des d\u00e9l\u00e9gations se multiplient \u00e0 Angers, Lyon, Villeurbanne, St Denis \u2026, avec le SNUDI-FO, le SNUipp, la CGT et SUD, en direction des maires pour exiger la non application du d\u00e9cret du 24 janvier. <\/p>\n<p>La p\u00e9tition nationale du SNUDI-FO \u00ab Le seul assouplissement possible, c\u2019est l\u2019abrogation \u00bb rencontre un \u00e9cho tr\u00e8s important. <\/p>\n<p>Le 9 avril la FSU, la CGT, SUD, et FO ont vot\u00e9 contre le projet de d\u00e9cret d\u2019annualisation des rempla\u00e7ants, alors que l&rsquo;UNSA et la CFDT ont vot\u00e9 pour. <\/p>\n<h2>Le nouveau ministre doit renoncer au d\u00e9cret annualisant les rempla\u00e7ants, il doit renoncer au d\u00e9cret du 24 janvier 2013<\/h2>\n<p>Le SNUDI-FO mettra tout en oeuvre pour que le ministre renonce \u00e0 publier ce projet, renonce au d\u00e9cret du 24 janvier 2013. Dans cette perspective, il invite les personnels \u00e0 signer massivement la p\u00e9tition nationale <strong>\u00ab <a href=\"article437.html\">Le seul assouplissement possible, c\u2019est l\u2019abrogation<\/a> \u00bb<\/strong><\/p>\n","protected":false},"excerpt":{"rendered":"<p>Le 9 avril, le ministre a pr\u00e9sent\u00e9 au CTM un projet de d\u00e9cret qui fait dispara\u00eetre le maximum de 24 heures hebdomadaires d\u2019enseignement, une des garanties statutaires (D\u00e9cret de 90) essentielles pour tous les enseignants du 1er degr\u00e9. Un d\u00e9cret annualisant les rempla\u00e7ants, cons\u00e9quence directe du d\u00e9cret du 24 janvier 2013 sur les rythmes scolaires [&hellip;]<\/p>\n","protected":false},"author":1,"featured_media":0,"comment_status":"closed","ping_status":"open","sticky":false,"template":"","format":"standard","meta":{"footnotes":""},"categories":[112],"tags":[],"class_list":["post-374","post","type-post","status-publish","format-standard","hentry","category-statut-conditions-de-travail-actualite"],"_links":{"self":[{"href":"https:\/\/snudifo47.net\/new\/wp-json\/wp\/v2\/posts\/374","targetHints":{"allow":["GET"]}}],"collection":[{"href":"https:\/\/snudifo47.net\/new\/wp-json\/wp\/v2\/posts"}],"about":[{"href":"https:\/\/snudifo47.net\/new\/wp-json\/wp\/v2\/types\/post"}],"author":[{"embeddable":true,"href":"https:\/\/snudifo47.net\/new\/wp-json\/wp\/v2\/users\/1"}],"replies":[{"embeddable":true,"href":"https:\/\/snudifo47.net\/new\/wp-json\/wp\/v2\/comments?post=374"}],"version-history":[{"count":0,"href":"https:\/\/snudifo47.net\/new\/wp-json\/wp\/v2\/posts\/374\/revisions"}],"wp:attachment":[{"href":"https:\/\/snudifo47.net\/new\/wp-json\/wp\/v2\/media?parent=374"}],"wp:term":[{"taxonomy":"category","embeddable":true,"href":"https:\/\/snudifo47.net\/new\/wp-json\/wp\/v2\/categories?post=374"},{"taxonomy":"post_tag","embeddable":true,"href":"https:\/\/snudifo47.net\/new\/wp-json\/wp\/v2\/tags?post=374"}],"curies":[{"name":"wp","href":"https:\/\/api.w.org\/{rel}","templated":true}]}}