{"id":365,"date":"2014-03-19T15:30:07","date_gmt":"2014-03-19T14:30:07","guid":{"rendered":"https:\/\/snudifo47.net\/new\/2014\/03\/19\/chantier-metiers-force-ouvriere-ne-sassocie-a-aucun-accord-et-rejette-les-propositions-du-ministre\/"},"modified":"2014-03-19T15:30:07","modified_gmt":"2014-03-19T14:30:07","slug":"chantier-metiers-force-ouvriere-ne-sassocie-a-aucun-accord-et-rejette-les-propositions-du-ministre","status":"publish","type":"post","link":"https:\/\/snudifo47.net\/new\/2014\/03\/19\/chantier-metiers-force-ouvriere-ne-sassocie-a-aucun-accord-et-rejette-les-propositions-du-ministre\/","title":{"rendered":"Chantier m\u00e9tiers\u00a0: Force Ouvri\u00e8re ne s\u2019associe  \u00e0 aucun \u00ab\u00a0accord\u00a0\u00bb et rejette les propositions du ministre."},"content":{"rendered":"<p>Le 17 mars, le ministre de l\u2019Education nationale a convoqu\u00e9 les f\u00e9d\u00e9rations syndicales \u00e0 une r\u00e9union baptis\u00e9e \u00ab\u00a0comit\u00e9 de suivi des accords relatifs aux m\u00e9tiers\u00a0\u00bb, pour leur faire communiquer par son directeur adjoint de Cabinet un calendrier de mise en \u0153uvre des d\u00e9cisions prises \u00e0 l\u2019issue des groupes de travail qui se tiennent depuis la mi-novembre pour adapter les statuts de toutes les cat\u00e9gories de personnels \u00e0 sa loi de refondation de l\u2019\u00e9cole.<\/p>\n<p>Il n\u2019y a eu dans cette r\u00e9union aucune discussion sur le contenu des propositions unilat\u00e9rales du ministre. Les repr\u00e9sentants de la FNEC FP-FO ont indiqu\u00e9 qu\u2019ils s\u2019\u00e9tonnaient de l\u2019intitul\u00e9 \u00ab\u00a0comit\u00e9 de suivi\u00a0\u00bb alors qu\u2019il n\u2019y a aucun accord et que les d\u00e9cisions annonc\u00e9es sont celle du seul ministre.<\/p>\n<p>Les repr\u00e9sentants de la FSU, de l\u2019UNSA, du SNALC et de la CFDT ont d\u00e9livr\u00e9 un satisfecit au ministre pour la m\u00e9thode de discussion, son calendrier, un\u00a0\u00ab\u00a0dialogue social\u00a0bon et efficace\u00a0\u00bb.<\/p>\n<p>La FNEC FP-FO continuera \u00e0 s\u2019exprimer sur la base des revendications des personnels et ne cautionnera pas les premiers d\u00e9crets statutaires soumis au Comit\u00e9 Technique Minist\u00e9riel du 27 mars prochain.<br \/>\n<br \/>Ces projets de d\u00e9crets ne r\u00e9pondent en aucune mani\u00e8re aux attentes des personnels en mati\u00e8re de conditions de travail et de r\u00e9mun\u00e9ration des personnels et remettent en cause les garanties statutaires fondamentales li\u00e9es au statut de fonctionnaire d\u2019Etat.<\/p>\n<p>Montreuil, le 19 mars 2014<\/p>\n","protected":false},"excerpt":{"rendered":"<p>Le 17 mars, le ministre de l\u2019Education nationale a convoqu\u00e9 les f\u00e9d\u00e9rations syndicales \u00e0 une r\u00e9union baptis\u00e9e \u00ab\u00a0comit\u00e9 de suivi des accords relatifs aux m\u00e9tiers\u00a0\u00bb, pour leur faire communiquer par son directeur adjoint de Cabinet un calendrier de mise en \u0153uvre des d\u00e9cisions prises \u00e0 l\u2019issue des groupes de travail qui se tiennent depuis la [&hellip;]<\/p>\n","protected":false},"author":1,"featured_media":0,"comment_status":"closed","ping_status":"open","sticky":false,"template":"","format":"standard","meta":{"footnotes":""},"categories":[112],"tags":[],"class_list":["post-365","post","type-post","status-publish","format-standard","hentry","category-statut-conditions-de-travail-actualite"],"_links":{"self":[{"href":"https:\/\/snudifo47.net\/new\/wp-json\/wp\/v2\/posts\/365","targetHints":{"allow":["GET"]}}],"collection":[{"href":"https:\/\/snudifo47.net\/new\/wp-json\/wp\/v2\/posts"}],"about":[{"href":"https:\/\/snudifo47.net\/new\/wp-json\/wp\/v2\/types\/post"}],"author":[{"embeddable":true,"href":"https:\/\/snudifo47.net\/new\/wp-json\/wp\/v2\/users\/1"}],"replies":[{"embeddable":true,"href":"https:\/\/snudifo47.net\/new\/wp-json\/wp\/v2\/comments?post=365"}],"version-history":[{"count":0,"href":"https:\/\/snudifo47.net\/new\/wp-json\/wp\/v2\/posts\/365\/revisions"}],"wp:attachment":[{"href":"https:\/\/snudifo47.net\/new\/wp-json\/wp\/v2\/media?parent=365"}],"wp:term":[{"taxonomy":"category","embeddable":true,"href":"https:\/\/snudifo47.net\/new\/wp-json\/wp\/v2\/categories?post=365"},{"taxonomy":"post_tag","embeddable":true,"href":"https:\/\/snudifo47.net\/new\/wp-json\/wp\/v2\/tags?post=365"}],"curies":[{"name":"wp","href":"https:\/\/api.w.org\/{rel}","templated":true}]}}