{"id":358,"date":"2014-01-30T11:40:24","date_gmt":"2014-01-30T10:40:24","guid":{"rendered":"https:\/\/snudifo47.net\/new\/2014\/01\/30\/chantiers-sur-les-metiers-et-les-statuts-des-personnels-de-leducation-nationale\/"},"modified":"2014-01-30T11:40:24","modified_gmt":"2014-01-30T10:40:24","slug":"chantiers-sur-les-metiers-et-les-statuts-des-personnels-de-leducation-nationale","status":"publish","type":"post","link":"https:\/\/snudifo47.net\/new\/2014\/01\/30\/chantiers-sur-les-metiers-et-les-statuts-des-personnels-de-leducation-nationale\/","title":{"rendered":"Chantiers sur les m\u00e9tiers et les statuts des personnels de l\u2019\u00c9ducation nationale"},"content":{"rendered":"<p class=\"post_excerpt\">Le ministre programme la disparition des droits statutaires de tous les personnels, inscrits dans le d\u00e9cret de 1990 sur les obligations de service des PE et dans les d\u00e9crets de 1950 pour les enseignants du 2nd degr\u00e9.<\/p>\n<p><!--more--><br \/>\nDepuis des mois, les enseignants du premier degr\u00e9 font gr\u00e8ve<br \/>\navec les personnels territoriaux et manifestent pour l\u2019abroga-<br \/>\ntion du d\u00e9cret du 24 janvier 2013 qui territorialise l\u2019\u00e9cole. Ils exigent<br \/>\nle respect de leur statut national de fonctionnaire d\u2019Etat.<br \/>\nPour toute r\u00e9ponse, le ministre Peillon a ouvert ses groupes de tra-<br \/>\nvail sur les \u00ab m\u00e9tiers et statuts \u00bb dont cinq pour les personnels du<br \/>\n1 er degr\u00e9 : directeurs, RASED, CPC, formateurs, PE. Et il maintient<\/p>\n<p><strong>la r\u00e9forme des rythmes scolaires.<\/strong><\/p>\n<p>Apr\u00e8s trois jours de gr\u00e8ve, les professeurs<br \/>\ndes classes pr\u00e9paratoires ont fait reculer le ministre<br \/>\nCette volont\u00e9 de remise en cause de l\u2019ensemble des garanties sta-<br \/>\ntutaires a entra\u00een\u00e9 de premi\u00e8res mobilisations : en d\u00e9cembre, les<br \/>\nprofesseurs des classes pr\u00e9paratoires \u00e9taient en gr\u00e8ve avec leurs<br \/>\nsyndicats FO et SNES pour refuser la baisse de leurs salaires im-<br \/>\npos\u00e9e par le projet de modification de leurs obligations de service<br \/>\nactuellement d\u00e9finies par le d\u00e9cret du 25 mai 1950 que le ministre<br \/>\nveut r\u00e9\u00e9crire.<\/p>\n<p>La gr\u00e8ve massive reconduite \u00e0 partir du 9 d\u00e9cembre avec les syn-<br \/>\ndicats, les AG, les centaines de prises de position et les manifesta-<br \/>\ntions ont contraint le ministre \u00e0 reculer le 12 d\u00e9cembre. Il a d\u00e9clar\u00e9<br \/>\n\u201cIl n\u2019y aura pas de passage en force. Il faut remettre le travail sur le<br \/>\nm\u00e9tier. S\u2019il n\u2019est pas possible de prendre des d\u00e9cisions pour la ren-<br \/>\ntr\u00e9e 2014, on verra pour 2015. \u201d<\/p>\n<p><strong>Le ministre, fragilis\u00e9, cherche \u00e0 \u00ab\u00e9viter la contagion\u00bb<\/strong><\/p>\n<p>Le 12 d\u00e9cembre \u00e0 l\u2019issue des premi\u00e8res r\u00e9unions, le ministre a re\u00e7u<br \/>\ntoutes les f\u00e9d\u00e9rations syndicales pour leur annoncer ses d\u00e9cisions<br \/>\nconcernant l\u2019ensemble des personnels enseignants. En engageant<br \/>\nainsi l\u2019acte II de sa \u00ab refondation \u00bb, le ministre pr\u00e9tend \u00ab adapter \u00bb<br \/>\nles statuts des personnels de toutes les cat\u00e9gories \u00e0 la territoriali-<br \/>\nsation de l\u2019\u00e9cole. Il essaie d\u2019associer les syndicats \u00e0 son chantier<br \/>\nde d\u00e9molition et entend poursuivre les discussions en janvier sur<br \/>\nces bases.<\/p>\n<p>Le m\u00eame jour, le quotidien \u00ab Le Monde \u00bb analysait : \u00ab Apr\u00e8s un an<br \/>\nde mobilisation sur les rythmes scolaires, et alors que les professeurs de pr\u00e9pas montent au cr\u00e9neau un peu plus chaque jour, il<br \/>\ns\u2019agit de calmer le jeu, d\u2019\u00e9viter la contagion \u00e0 tous les coll\u00e8ges et<br \/>\nlyc\u00e9es \u00bb. <\/p>\n<p>Yves Durand, d\u00e9put\u00e9 (PS) du Nord et rapporteur de la loi<br \/>\nd\u2019orientation sur l\u2019\u00e9cole vot\u00e9e cet \u00e9t\u00e9 estime pour sa part : \u00ab On ne<br \/>\npeut pas avoir trop de fronts ouverts en m\u00eame temps. R\u00e9ussissons<br \/>\nla r\u00e9forme de la formation des ma\u00eetres et celle des rythmes qui sont<br \/>\ncentrales dans la refondation de l\u2019\u00e9cole et ne nous dispersons pas \u00bb.<\/p>\n<p><strong>Pour le premier degr\u00e9, le ministre ne renonce pas \u00e0 modifier<br \/>\nles missions et les obligations de service des PE dans le<br \/>\ncadre de la \u00abrefondation de l\u2019\u00e9cole\u00bb<\/strong><\/p>\n<p>Ainsi, il n\u2019a pas r\u00e9agi \u00e0 la demande de Force Ouvri\u00e8re de r\u00e9pondre<br \/>\naux personnels du premier degr\u00e9 et aux agents territoriaux sur la<br \/>\nquestion des rythmes scolaires en suspendant sa r\u00e9forme et en re-<br \/>\ntirant son d\u00e9cret.<\/p>\n<p>\u00c0 cette \u00e9tape, il a annonc\u00e9 pouvoir acter des mesures en mati\u00e8re<br \/>\nde r\u00e9gime indemnitaire et de d\u00e9charge de service pour les direc-<br \/>\nteurs&#8230; avant de tenter d\u2019entrer dans le \u00abdur\u00bb.<\/p>\n<p><strong>Le ministre ne nous laisse pas d\u2019autre choix que d\u2019amplifier<br \/>\nle rapport de force pour obtenir satisfaction contre la territo-<br \/>\nrialisation de l\u2019\u00e9cole et la casse des garanties statutaires.<\/p>\n<p>C\u2019est le sens de l\u2019appel commun SNUipp-FSU\/FNEC FP-FO\/<br \/>\nCGT \u00e9duc\u2019action\/ FAEN\/Territoriaux FO, CGT et FSU<\/strong><\/p>\n<p>C\u2019est pourquoi FO appelle les personnels \u00e0 \u00ab se r\u00e9unir dans les d\u00e9-<br \/>\npartements pour confirmer les revendications et discuter des<br \/>\nmoyens pour les faire aboutir \u00bb comme le pr\u00e9cise la conclusion du<br \/>\ncommuniqu\u00e9 commun du 18 d\u00e9cembre SNUipp \/ FO \/ CGT \/ FAEN \/ Territoriaux FO, CGT et FSU qui exige la suspension de la<br \/>\nr\u00e9forme des rythmes scolaires.<\/p>\n<p><strong>En pi\u00e8ce jointe, le 4 pages FO sur ces chantiers m\u00e9tiers et les cons\u00e9quences concr\u00e8tes des propositions du ministre<\/strong><\/p>\n<h2>Participez aux R\u00e9unions d&rsquo;Information Syndicale<\/h2>\n","protected":false},"excerpt":{"rendered":"<p>Le ministre programme la disparition des droits statutaires de tous les personnels, inscrits dans le d\u00e9cret de 1990 sur les obligations de service des PE et dans les d\u00e9crets de 1950 pour les enseignants du 2nd degr\u00e9.<\/p>\n","protected":false},"author":1,"featured_media":0,"comment_status":"closed","ping_status":"open","sticky":false,"template":"","format":"standard","meta":{"footnotes":""},"categories":[112],"tags":[],"class_list":["post-358","post","type-post","status-publish","format-standard","hentry","category-statut-conditions-de-travail-actualite"],"_links":{"self":[{"href":"https:\/\/snudifo47.net\/new\/wp-json\/wp\/v2\/posts\/358","targetHints":{"allow":["GET"]}}],"collection":[{"href":"https:\/\/snudifo47.net\/new\/wp-json\/wp\/v2\/posts"}],"about":[{"href":"https:\/\/snudifo47.net\/new\/wp-json\/wp\/v2\/types\/post"}],"author":[{"embeddable":true,"href":"https:\/\/snudifo47.net\/new\/wp-json\/wp\/v2\/users\/1"}],"replies":[{"embeddable":true,"href":"https:\/\/snudifo47.net\/new\/wp-json\/wp\/v2\/comments?post=358"}],"version-history":[{"count":0,"href":"https:\/\/snudifo47.net\/new\/wp-json\/wp\/v2\/posts\/358\/revisions"}],"wp:attachment":[{"href":"https:\/\/snudifo47.net\/new\/wp-json\/wp\/v2\/media?parent=358"}],"wp:term":[{"taxonomy":"category","embeddable":true,"href":"https:\/\/snudifo47.net\/new\/wp-json\/wp\/v2\/categories?post=358"},{"taxonomy":"post_tag","embeddable":true,"href":"https:\/\/snudifo47.net\/new\/wp-json\/wp\/v2\/tags?post=358"}],"curies":[{"name":"wp","href":"https:\/\/api.w.org\/{rel}","templated":true}]}}