{"id":342,"date":"2013-09-18T13:53:55","date_gmt":"2013-09-18T11:53:55","guid":{"rendered":"https:\/\/snudifo47.net\/new\/2013\/09\/18\/obligations-de-service-que-disent-les-textes\/"},"modified":"2013-09-18T13:53:55","modified_gmt":"2013-09-18T11:53:55","slug":"obligations-de-service-que-disent-les-textes","status":"publish","type":"post","link":"https:\/\/snudifo47.net\/new\/2013\/09\/18\/obligations-de-service-que-disent-les-textes\/","title":{"rendered":"Obligations de Service : que disent les textes ?"},"content":{"rendered":"<p>Les obligations de service sont r\u00e9gies par le d\u00e9cret n\u00b0 2008-775 du 30 juillet 2008 et la circulaire n\u00b0 2013-019 du 4 f\u00e9vrier 2013.<\/p>\n<h2>\u2022 24 heures d\u2019enseignement aupr\u00e8s des \u00e9l\u00e8ves<\/h2>\n<p>Ces 24 heures sont hebdomadaires et ne peuvent \u00eatre annualis\u00e9es, comme certains DASEN tentent de l\u2019imposer aux titulaires mobiles, pour rem\u00e9dier aux probl\u00e8mes de remplacement dans les \u00e9coles \u00e0 4,5 jours.<\/p>\n<h2>\u2022 108 heures de pr\u00e9sence par an hors du temps de pr\u00e9sence devant \u00e9l\u00e8ves<\/h2>\n<p><strong>1. \u00ab 60 heures consacr\u00e9es \u00e0 des activit\u00e9s p\u00e9dagogiques compl\u00e9mentaires (APC)<\/strong> organis\u00e9es dans le cadre du projet d&rsquo;\u00e9cole, par groupes restreints d&rsquo;\u00e9l\u00e8ves \u00bb se d\u00e9composant en :<\/p>\n<p>    <strong>36 heures consacr\u00e9es aux APC elles \u2013m\u00eames<\/strong><\/p>\n<p>&#8211; soit pour l\u2019aide aux \u00e9l\u00e8ves en difficult\u00e9,<br \/>\n&#8211; soit pour une aide au travail personnel,<br \/>\n&#8211; soit pour une activit\u00e9 pr\u00e9vue par le projet d\u2019\u00e9cole \u00bb<br \/>\nChaque coll\u00e8gue d\u00e9cide de r\u00e9partir comme il l\u2019entend, ces 36h sur l\u2019ann\u00e9e scolaire, la circulaire ne donnant aucune pr\u00e9cision. De plus, le minimum de pause m\u00e9ridienne de 1h30 ne s\u2019applique pas aux \u00e9coles dont la commune n\u2019a pas opt\u00e9 pour l\u2019application des nouveaux rythmes en septembre 2013.<\/p>\n<p>    <strong>24 heures utilis\u00e9es \u00ab \u00e0 l\u2019identification des besoins des \u00e9l\u00e8ves, \u00e0 l\u2019organisation des APC et \u00e0 leur articulation avec les autres moyens mis en \u0153uvre dans le cadre du projet d\u2019\u00e9cole pour aider les \u00e9l\u00e8ves. \u00bb<\/strong><\/p>\n<p>Autrement dit, il ne peut vous \u00eatre impos\u00e9 de vous r\u00e9unir  avec la Mairie \u00e0 propos des rythmes scolaires en vous disant que vous n\u2019avez qu\u2019\u00e0 prendre sur ces 24h&#8230;<\/p>\n<p><strong>2. 24 heures consacr\u00e9es<\/strong><\/p>\n<p>&#8211; \u00e0 des travaux en \u00e9quipes p\u00e9dagogiques (activit\u00e9s au sein des conseils des ma\u00eetres de l&rsquo;\u00e9cole et des conseils des ma\u00eetres de cycle) ;<br \/>\n&#8211; \u00e0 l&rsquo;\u00e9laboration d&rsquo;actions visant \u00e0 am\u00e9liorer la continuit\u00e9 p\u00e9dagogique entre les cycles et la liaison entre l&rsquo;\u00e9cole et le coll\u00e8ge ;<br \/>\n&#8211; aux relations avec les parents ;<br \/>\n&#8211; \u00e0 l&rsquo;\u00e9laboration et au suivi des projets personnalis\u00e9s de scolarisation des \u00e9l\u00e8ves handicap\u00e9s.<\/p>\n<p>Toute rencontre, qu\u2019elle soit individuelle ou collective, avec les parents peut \u00eatre comptabilis\u00e9es dans ces 24h.<\/p>\n<p><strong>3. 18 heures consacr\u00e9es \u00ab \u00e0 l&rsquo;animation p\u00e9dagogique et \u00e0 des actions de formation continue.<\/strong> Les actions de formation continue doivent repr\u00e9senter au moins la moiti\u00e9 des dix-huit heures et \u00eatre, pour tout ou partie, consacr\u00e9es \u00e0 des sessions de formation \u00e0 distance, sur des supports num\u00e9riques. \u00bb<\/p>\n<p>Donc, 9 heures d\u2019animations p\u00e9dagogiques et 9 heures pour faire des recherches \u00e0 distance comme bon vous semble.<\/p>\n<p><strong>4. \u00ab 6 heures consacr\u00e9es \u00e0 la participation aux conseils d\u2019\u00e9cole \u00bb<\/strong><\/p>\n<hr \/>\n<p>Les coll\u00e8gues \u00e0 temps partiel consacrent un nombre d&rsquo;heures au prorata de leur temps partiel.<\/p>\n<hr \/>\n<p>Les directeurs b\u00e9n\u00e9ficient d\u2019un all\u00e8gement sur le service de 36 heures d\u2019APC comme suit :<br \/>\n&#8211; 6h d\u2019all\u00e8gement pour les \u00e9coles 1 \u00e03 classes<br \/>\n&#8211; 9h d\u2019all\u00e8gement pour les \u00e9coles  4 \u00e0 9 classes<br \/>\n&#8211; 18h d\u2019all\u00e8gement pour les \u00e9coles 9 \u00e0 12 classes<br \/>\n36h d\u2019all\u00e8gement pour les \u00e9coles de plus de 14 classes<\/p>\n<p>  <strong>Nous conseillons \u00e0 chacun de tenir un compte des heures annualis\u00e9es effectu\u00e9es en compl\u00e9tant au fur et \u00e0 mesure le tableau ci-joint (2 tableaux au choix).<\/strong><\/p>\n<hr \/>\n<p>Pour les rempla\u00e7ants, nous vous conseillons de noter vos heures chaque semaine, en particulier celles qui d\u00e9passent 24h, et  de demander leur r\u00e9cup\u00e9ration, quand \u00e7a vous arrange, \u00e0 la fin de chaque p\u00e9riode.<\/p>\n<p>Notez bien que l&rsquo;administration ne peut pas annualiser le temps d&rsquo;enseignement : si une semaine vous faites moins de 24h (cela peut arriver dans de rares cas), cette semaine compte 24h.<\/p>\n<p><strong>Vous pouvez aussi utiliser notre tableau ci-joint pour d\u00e9compter votre temps de travail par semaine.<\/strong><\/p>\n<hr \/>\n<p><strong>N\u2019h\u00e9sitez pas \u00e0 contacter le SNUDI FO en cas de questions ou de probl\u00e8mes.<\/strong><\/p>\n","protected":false},"excerpt":{"rendered":"<p>Les obligations de service sont r\u00e9gies par le d\u00e9cret n\u00b0 2008-775 du 30 juillet 2008 et la circulaire n\u00b0 2013-019 du 4 f\u00e9vrier 2013. \u2022 24 heures d\u2019enseignement aupr\u00e8s des \u00e9l\u00e8ves Ces 24 heures sont hebdomadaires et ne peuvent \u00eatre annualis\u00e9es, comme certains DASEN tentent de l\u2019imposer aux titulaires mobiles, pour rem\u00e9dier aux probl\u00e8mes de [&hellip;]<\/p>\n","protected":false},"author":1,"featured_media":0,"comment_status":"closed","ping_status":"open","sticky":false,"template":"","format":"standard","meta":{"footnotes":""},"categories":[112],"tags":[],"class_list":["post-342","post","type-post","status-publish","format-standard","hentry","category-statut-conditions-de-travail-actualite"],"_links":{"self":[{"href":"https:\/\/snudifo47.net\/new\/wp-json\/wp\/v2\/posts\/342","targetHints":{"allow":["GET"]}}],"collection":[{"href":"https:\/\/snudifo47.net\/new\/wp-json\/wp\/v2\/posts"}],"about":[{"href":"https:\/\/snudifo47.net\/new\/wp-json\/wp\/v2\/types\/post"}],"author":[{"embeddable":true,"href":"https:\/\/snudifo47.net\/new\/wp-json\/wp\/v2\/users\/1"}],"replies":[{"embeddable":true,"href":"https:\/\/snudifo47.net\/new\/wp-json\/wp\/v2\/comments?post=342"}],"version-history":[{"count":0,"href":"https:\/\/snudifo47.net\/new\/wp-json\/wp\/v2\/posts\/342\/revisions"}],"wp:attachment":[{"href":"https:\/\/snudifo47.net\/new\/wp-json\/wp\/v2\/media?parent=342"}],"wp:term":[{"taxonomy":"category","embeddable":true,"href":"https:\/\/snudifo47.net\/new\/wp-json\/wp\/v2\/categories?post=342"},{"taxonomy":"post_tag","embeddable":true,"href":"https:\/\/snudifo47.net\/new\/wp-json\/wp\/v2\/tags?post=342"}],"curies":[{"name":"wp","href":"https:\/\/api.w.org\/{rel}","templated":true}]}}