{"id":3336,"date":"2022-09-09T15:34:54","date_gmt":"2022-09-09T13:34:54","guid":{"rendered":"https:\/\/snudifo47.net\/new\/?p=3336"},"modified":"2022-09-09T15:34:55","modified_gmt":"2022-09-09T13:34:55","slug":"covid-19-les-informations-de-la-rentree-2022","status":"publish","type":"post","link":"https:\/\/snudifo47.net\/new\/2022\/09\/09\/covid-19-les-informations-de-la-rentree-2022\/","title":{"rendered":"Covid-19 : les informations de la rentr\u00e9e 2022"},"content":{"rendered":"\n<p><strong>Garde d\u2019enfant\u00a0:<\/strong> Depuis le 1<sup>er<\/sup>\u00a0ao\u00fbt\u00a02022, fin des ASA pour garde d&rsquo;enfant positif \u00e0 la COVID-19. Les absences seront donc imput\u00e9es sur le contingent garde d\u2019enfant malade (10 demi-journ\u00e9es par ann\u00e9e civile (quel que soit le nombre d\u2019enfant), le double si l&rsquo;agent assume seul la garde de l&rsquo;enfant ou si le conjoint ne b\u00e9n\u00e9ficie pas de jours garde d\u2019enfant).<\/p>\n\n\n\n<p><strong>Jour de carence\u00a0:\u00a0<\/strong>La suspension du jour de carence (pour les agents positifs \u00e0 la COVID-19 et qui font l\u2019objet d\u2019un arr\u00eat de travail) reste en vigueur jusqu\u2019au 31 d\u00e9cembre 2022.<\/p>\n\n\n\n<p><strong>Cas contact\u00a0:<\/strong>\u00a0Il n\u2019y a plus d\u2019isolement pour les cas contacts et les consignes de test sont identiques quel que soit le statut vaccinal (2 jours apr\u00e8s avoir \u00e9t\u00e9 pr\u00e9venu par l\u2019Assurance Maladie ou par la personne positive).<\/p>\n\n\n\n<p><strong>Personnels vuln\u00e9rables<\/strong> : La loi du 16 ao\u00fbt 2022 prolonge les droits des <strong>personnels vuln\u00e9rables<\/strong> jusqu&rsquo;au <strong>31 janvier 2023<\/strong> concernant les ASA.<\/p>\n\n\n\n<p><strong><a href=\"https:\/\/snudifo47.net\/new\/wp-content\/uploads\/2022\/09\/20210909-circulaire-DGAFP.pdf\">La circulaire du 9 septembre 2021 <\/a><\/strong>reste donc en vigueur.<\/p>\n\n\n\n<p>Pour information : <strong><a href=\"https:\/\/snudifo47.net\/new\/wp-content\/uploads\/2022\/09\/joe_20220817_0189_0001.pdf\">la loi n\u00b0 2022-1157 du 16 ao\u00fbt 2022<\/a> <\/strong>(Seconde partie, Titre II,  Article 33)<\/p>\n\n\n\n<p>Les crit\u00e8res de vuln\u00e9rabilit\u00e9 : <a href=\"https:\/\/www.legifrance.gouv.fr\/jorf\/id\/JORFTEXT000044030573\"><strong>D\u00e9cret n\u00b0 2021-1162 du 8 septembre 2021<\/strong><\/a><\/p>\n","protected":false},"excerpt":{"rendered":"<p>Garde d\u2019enfant\u00a0: Depuis le 1er\u00a0ao\u00fbt\u00a02022, fin des ASA pour garde d&rsquo;enfant positif \u00e0 la COVID-19. Les absences seront donc imput\u00e9es sur le contingent garde d\u2019enfant malade (10 demi-journ\u00e9es par ann\u00e9e civile (quel que soit le nombre d\u2019enfant), le double si l&rsquo;agent assume seul la garde de l&rsquo;enfant ou si le conjoint ne b\u00e9n\u00e9ficie pas de [&hellip;]<\/p>\n","protected":false},"author":1,"featured_media":0,"comment_status":"open","ping_status":"open","sticky":false,"template":"","format":"standard","meta":{"footnotes":""},"categories":[2,130],"tags":[],"class_list":["post-3336","post","type-post","status-publish","format-standard","hentry","category-actualite","category-epidemie-de-covid-19"],"_links":{"self":[{"href":"https:\/\/snudifo47.net\/new\/wp-json\/wp\/v2\/posts\/3336","targetHints":{"allow":["GET"]}}],"collection":[{"href":"https:\/\/snudifo47.net\/new\/wp-json\/wp\/v2\/posts"}],"about":[{"href":"https:\/\/snudifo47.net\/new\/wp-json\/wp\/v2\/types\/post"}],"author":[{"embeddable":true,"href":"https:\/\/snudifo47.net\/new\/wp-json\/wp\/v2\/users\/1"}],"replies":[{"embeddable":true,"href":"https:\/\/snudifo47.net\/new\/wp-json\/wp\/v2\/comments?post=3336"}],"version-history":[{"count":13,"href":"https:\/\/snudifo47.net\/new\/wp-json\/wp\/v2\/posts\/3336\/revisions"}],"predecessor-version":[{"id":3351,"href":"https:\/\/snudifo47.net\/new\/wp-json\/wp\/v2\/posts\/3336\/revisions\/3351"}],"wp:attachment":[{"href":"https:\/\/snudifo47.net\/new\/wp-json\/wp\/v2\/media?parent=3336"}],"wp:term":[{"taxonomy":"category","embeddable":true,"href":"https:\/\/snudifo47.net\/new\/wp-json\/wp\/v2\/categories?post=3336"},{"taxonomy":"post_tag","embeddable":true,"href":"https:\/\/snudifo47.net\/new\/wp-json\/wp\/v2\/tags?post=3336"}],"curies":[{"name":"wp","href":"https:\/\/api.w.org\/{rel}","templated":true}]}}