{"id":3068,"date":"2022-03-17T15:04:10","date_gmt":"2022-03-17T14:04:10","guid":{"rendered":"https:\/\/snudifo47.net\/new\/?p=3068"},"modified":"2022-03-17T15:04:12","modified_gmt":"2022-03-17T14:04:12","slug":"point-dindice-une-hausse-immediate-pas-une-promesse-electorale","status":"publish","type":"post","link":"https:\/\/snudifo47.net\/new\/2022\/03\/17\/point-dindice-une-hausse-immediate-pas-une-promesse-electorale\/","title":{"rendered":"Point d&rsquo;indice : Une hausse imm\u00e9diate, pas une promesse \u00e9lectorale  !"},"content":{"rendered":"\n<p class=\"has-medium-font-size\">La ministre de la Transformation et de la fonction publique vient d&rsquo;annoncer un projet de d\u00e9gel de la valeur du point d&rsquo;indice, mesure g\u00e9n\u00e9rale indispensable notamment pour maintenir le pouvoir d&rsquo;achat des fonctionnaires.<br>FO Fonction publique n\u2019a eu de cesse d\u2019exiger l\u2019augmentation de la valeur du point d\u2019indice et l\u2019ouverture de n\u00e9gociations sur les r\u00e9mun\u00e9rations depuis le d\u00e9but du quinquennat. Mais force est de constater que cette proposition est bien tardive et reste al\u00e9atoire.<\/p>\n\n\n\n<p class=\"has-medium-font-size\"><strong>-><\/strong> Lire la suite du <a href=\"https:\/\/fo-snudi.fr\/wp-content\/uploads\/2022\/03\/2022-03-15-CP-FO-FONCTION-PUBLIQUE-DEGEL-DU-POINT-D-INDICE.pdf\">communiqu\u00e9 de FO Fonction publique<\/a>.<\/p>\n","protected":false},"excerpt":{"rendered":"<p>La ministre de la Transformation et de la fonction publique vient d&rsquo;annoncer un projet de d\u00e9gel de la valeur du point d&rsquo;indice, mesure g\u00e9n\u00e9rale indispensable notamment pour maintenir le pouvoir d&rsquo;achat des fonctionnaires.FO Fonction publique n\u2019a eu de cesse d\u2019exiger l\u2019augmentation de la valeur du point d\u2019indice et l\u2019ouverture de n\u00e9gociations sur les r\u00e9mun\u00e9rations depuis [&hellip;]<\/p>\n","protected":false},"author":1,"featured_media":0,"comment_status":"open","ping_status":"open","sticky":false,"template":"","format":"standard","meta":{"footnotes":""},"categories":[2,40],"tags":[],"class_list":["post-3068","post","type-post","status-publish","format-standard","hentry","category-actualite","category-salaires-indemnites"],"_links":{"self":[{"href":"https:\/\/snudifo47.net\/new\/wp-json\/wp\/v2\/posts\/3068","targetHints":{"allow":["GET"]}}],"collection":[{"href":"https:\/\/snudifo47.net\/new\/wp-json\/wp\/v2\/posts"}],"about":[{"href":"https:\/\/snudifo47.net\/new\/wp-json\/wp\/v2\/types\/post"}],"author":[{"embeddable":true,"href":"https:\/\/snudifo47.net\/new\/wp-json\/wp\/v2\/users\/1"}],"replies":[{"embeddable":true,"href":"https:\/\/snudifo47.net\/new\/wp-json\/wp\/v2\/comments?post=3068"}],"version-history":[{"count":1,"href":"https:\/\/snudifo47.net\/new\/wp-json\/wp\/v2\/posts\/3068\/revisions"}],"predecessor-version":[{"id":3069,"href":"https:\/\/snudifo47.net\/new\/wp-json\/wp\/v2\/posts\/3068\/revisions\/3069"}],"wp:attachment":[{"href":"https:\/\/snudifo47.net\/new\/wp-json\/wp\/v2\/media?parent=3068"}],"wp:term":[{"taxonomy":"category","embeddable":true,"href":"https:\/\/snudifo47.net\/new\/wp-json\/wp\/v2\/categories?post=3068"},{"taxonomy":"post_tag","embeddable":true,"href":"https:\/\/snudifo47.net\/new\/wp-json\/wp\/v2\/tags?post=3068"}],"curies":[{"name":"wp","href":"https:\/\/api.w.org\/{rel}","templated":true}]}}