{"id":2272,"date":"2021-09-30T16:55:00","date_gmt":"2021-09-30T14:55:00","guid":{"rendered":"https:\/\/snudifo47.net\/new\/?p=2272"},"modified":"2021-12-28T19:58:18","modified_gmt":"2021-12-28T18:58:18","slug":"mardi-5-octobremanifestation-pour-les-salaires-les-emplois-les-services-publicscontre-les-reformes-des-retraites-et-de-lassurance-chomage","status":"publish","type":"post","link":"https:\/\/snudifo47.net\/new\/2021\/09\/30\/mardi-5-octobremanifestation-pour-les-salaires-les-emplois-les-services-publicscontre-les-reformes-des-retraites-et-de-lassurance-chomage\/","title":{"rendered":"Mardi 5 octobre,<br>Manifestation pour les salaires,&nbsp;<br>les emplois, les services publics,<br>contre les r\u00e9formes des retraites et de l&rsquo;assurance ch\u00f4mage"},"content":{"rendered":"\n<figure class=\"wp-block-table\"><table class=\"has-black-color has-text-color\"><tbody><tr><td class=\"has-text-align-center\" data-align=\"center\"><strong>Rassemblement \u00e0 14h, place de la Pr\u00e9fecture, AGEN<\/strong><\/td><\/tr><tr><td class=\"has-text-align-center\" data-align=\"center\">\u00adFO s\u2019oppose \u00e0 ce que la situation de crise sanitaire soit utilis\u00e9e par le gouvernement et le patronat pour acc\u00e9l\u00e9rer la remise en cause de droits des salari\u00e9s et des garanties collectives. Ayant obtenu le retrait du licenciement dans le cadre du passe sanitaire et de la vaccination obligatoire, FO continuera \u00e0 tous les niveaux de d\u00e9fendre les droits des salari\u00e9s dans leur emploi afin d\u2019emp\u00eacher toute sanction dont la suspension de contrat et de salaire.&nbsp;<br><br>Dans le m\u00eame temps, ni le projet de r\u00e9forme des retraites, qui n\u2019a d\u2019autre objectif que de mettre fin au syst\u00e8me de retraite solidaire actuel, les r\u00e9gimes existants et de reculer l\u2019\u00e2ge de d\u00e9part en retraite, ni la r\u00e9forme de l\u2019assurance ch\u00f4mage, qui p\u00e9naliserait les plus pr\u00e9caires et dont FO avec d\u2019autres syndicats avait obtenu la suspension en juin dernier, ne sont abandonn\u00e9es.&nbsp;<br><br>\u00c0 ces projets FO oppose la revendication d\u2019un vrai travail avec un vrai salaire pour toutes et tous. Cela passe par la revalorisation des emplois \u00e0 bas salaires, \u00e0 temps partiel, la fin des processus conduisant \u00e0 multiplier les contrats pr\u00e9caires, une politique effective de relocalisation et r\u00e9industrialisation, la mise sous conditions et le contr\u00f4le des aides publiques aux entreprises.&nbsp;<br><br>FO s\u2019oppose \u00e0 la poursuite des politiques d\u2019aust\u00e9rit\u00e9 alors que de nombreux services publics manquent de moyens et sont confront\u00e9s \u00e0 des restructurations, privatisations, fermetures et suppressions d\u2019emplois.<\/td><\/tr><\/tbody><\/table><\/figure>\n\n\n\n<h4 class=\"has-vivid-red-color has-text-color wp-block-heading\">Le 5 Octobre, l&rsquo;Union D\u00e9partementale Force Ouvri\u00e8re de Lot et Garonne appelle les salari\u00e9s \u00e0 manifester :<\/h4>\n\n\n\n<h4 class=\"wp-block-heading\">&nbsp;-&gt; <strong>Contre le retour de la r\u00e9forme des retraites, contre la r\u00e9forme de l\u2019assurance ch\u00f4mage.<\/strong><\/h4>\n\n\n\n<h4 class=\"wp-block-heading\">&nbsp;-&gt; <strong>Pour l\u2019augmentation g\u00e9n\u00e9rale des salaires et des pensions ; pour l\u2019augmentation du Smic, du point d\u2019indice dans la Fonction publique et des grilles de salaires ; pour le service public, ses moyens et ses effectifs, pour la pr\u00e9servation et le d\u00e9veloppement d\u2019emplois de qualit\u00e9 dans l\u2019industrie.<\/strong><\/h4>\n\n\n\n<h4 class=\"wp-block-heading\">&nbsp;-&gt; <strong>Contre le Pass sanitaire qui remet en cause le droit du travail et le contrat de travail.<\/strong><\/h4>\n","protected":false},"excerpt":{"rendered":"<p>Rassemblement \u00e0 14h, place de la Pr\u00e9fecture, AGEN \u00adFO s\u2019oppose \u00e0 ce que la situation de crise sanitaire soit utilis\u00e9e par le gouvernement et le patronat pour acc\u00e9l\u00e9rer la remise en cause de droits des salari\u00e9s et des garanties collectives. Ayant obtenu le retrait du licenciement dans le cadre du passe sanitaire et de la [&hellip;]<\/p>\n","protected":false},"author":1,"featured_media":0,"comment_status":"open","ping_status":"open","sticky":false,"template":"","format":"standard","meta":{"footnotes":""},"categories":[115],"tags":[],"class_list":["post-2272","post","type-post","status-publish","format-standard","hentry","category-actions-actualite"],"_links":{"self":[{"href":"https:\/\/snudifo47.net\/new\/wp-json\/wp\/v2\/posts\/2272","targetHints":{"allow":["GET"]}}],"collection":[{"href":"https:\/\/snudifo47.net\/new\/wp-json\/wp\/v2\/posts"}],"about":[{"href":"https:\/\/snudifo47.net\/new\/wp-json\/wp\/v2\/types\/post"}],"author":[{"embeddable":true,"href":"https:\/\/snudifo47.net\/new\/wp-json\/wp\/v2\/users\/1"}],"replies":[{"embeddable":true,"href":"https:\/\/snudifo47.net\/new\/wp-json\/wp\/v2\/comments?post=2272"}],"version-history":[{"count":3,"href":"https:\/\/snudifo47.net\/new\/wp-json\/wp\/v2\/posts\/2272\/revisions"}],"predecessor-version":[{"id":2439,"href":"https:\/\/snudifo47.net\/new\/wp-json\/wp\/v2\/posts\/2272\/revisions\/2439"}],"wp:attachment":[{"href":"https:\/\/snudifo47.net\/new\/wp-json\/wp\/v2\/media?parent=2272"}],"wp:term":[{"taxonomy":"category","embeddable":true,"href":"https:\/\/snudifo47.net\/new\/wp-json\/wp\/v2\/categories?post=2272"},{"taxonomy":"post_tag","embeddable":true,"href":"https:\/\/snudifo47.net\/new\/wp-json\/wp\/v2\/tags?post=2272"}],"curies":[{"name":"wp","href":"https:\/\/api.w.org\/{rel}","templated":true}]}}