{"id":2091,"date":"2021-06-17T11:17:32","date_gmt":"2021-06-17T09:17:32","guid":{"rendered":"https:\/\/snudifo47.net\/new\/?p=2091"},"modified":"2024-06-24T20:42:55","modified_gmt":"2024-06-24T18:42:55","slug":"capd-du-14-juin-2021","status":"publish","type":"post","link":"https:\/\/snudifo47.net\/new\/2021\/06\/17\/capd-du-14-juin-2021\/","title":{"rendered":"CAPD du 14 juin 2021"},"content":{"rendered":"\n<p class=\"has-medium-font-size\">D\u00e9clarations liminaires&nbsp;: SNUipp-FSU, SNUDI-FO (Lire notre <a href=\"https:\/\/snudifo47.net\/new\/wp-content\/uploads\/2021\/06\/Declaration-liminaire-CAPD-du-14-juin-2021.pdf\">d\u00e9claration en pi\u00e8ce jointe<\/a>).<\/p>\n\n\n\n<ol class=\"has-vivid-red-color has-text-color has-medium-font-size wp-block-list\">\n<li><em><u><strong>Saisines CAPD refus temps partiels<\/strong><\/u><\/em><\/li>\n<\/ol>\n\n\n\n<p class=\"has-medium-font-size\">Temps Partiels sur autorisation&nbsp;: 35 demandes, 13 refus et 22 accords dont 19 pour raison m\u00e9dicales, 3 pour convenance personnelle. 5 recours formul\u00e9s pour temps partiels refus\u00e9s. L\u2019IA rappelle la r\u00e9glementation&nbsp;: \u00ab&nbsp;Ce n\u2019est pas un droit.&nbsp;On a une probl\u00e9matique de RH. Nos moyens ne nous permettent pas toutes les autorisations. \u00bb<\/p>\n\n\n\n<p class=\"has-medium-font-size\">Le Secr\u00e9taire G\u00e9n\u00e9ral pr\u00e9cise qu\u2019avec la rupture conventionnelle, au-del\u00e0 de l\u2019indemnit\u00e9, il y a un accompagnement avec l\u2019ARE (Allocation de retour \u00e0 l\u2019emploi). \u00ab&nbsp;Nous faisons avec les al\u00e9as de la situation pour tenir compte au mieux des situations individuelles.&nbsp;\u00bb<\/p>\n\n\n\n<p class=\"has-luminous-vivid-orange-color has-text-color has-medium-font-size\"><strong>Question de FO<\/strong>&nbsp;: Concernant les 3 accords pour convenance personnelle, sur quels crit\u00e8res les avez-vous accord\u00e9s&nbsp;?<\/p>\n\n\n\n<p class=\"has-medium-font-size\">L\u2019IA indique que ce sont des situations sans rapport avec les 5 recours trait\u00e9s ce jour. Il y a des situations de vie qui ne rel\u00e8vent ni de la sant\u00e9 ni du social, qu\u2019ils priorisent. 1 avis favorable a \u00e9t\u00e9 donn\u00e9 par l\u2019IA.<\/p>\n\n\n\n<ol start=\"2\" class=\"has-vivid-red-color has-text-color has-medium-font-size wp-block-list\">\n<li><em><u><strong>Saisines CAPD refus Compte Personnel Formation<\/strong><\/u><\/em><\/li>\n<\/ol>\n\n\n\n<p class=\"has-medium-font-size\">Pas d\u2019enveloppe d\u00e9di\u00e9e. C\u2019est pris sur le budget de la Formation Continue. Il y a eu 13 demandes dont 2 accords. Nous demandons les crit\u00e8res retenus. L\u2019 IA&nbsp;indique qu\u2019ils ont mobilis\u00e9 une enveloppe la plus r\u00e9duite possible, et qu\u2019ils priorisent des projets qui leur semblaient r\u00e9alisables rapidement.&nbsp;<\/p>\n\n\n\n<p class=\"has-medium-font-size\">Aucun accord sur les refus.<\/p>\n\n\n\n<p class=\"has-luminous-vivid-orange-color has-text-color has-medium-font-size\"><strong>Commentaire de FO<\/strong>&nbsp;: Il appara\u00eet que les dossiers des coll\u00e8gues ne sont pas r\u00e9ellement \u00e9tudi\u00e9s, et que les d\u00e9cisions sont prises sans crit\u00e8re transparent.<\/p>\n\n\n\n<ol start=\"3\" class=\"has-vivid-red-color has-text-color has-medium-font-size wp-block-list\">\n<li><em><u><strong>Demandes de cong\u00e9s de formation professionnelle 2021-2022<\/strong><\/u><\/em><\/li>\n<\/ol>\n\n\n\n<p class=\"has-medium-font-size\">Intervention de l\u2019IA&nbsp;: \u00ab&nbsp;<em>Vous pouvez le dire et l\u2019\u00e9crire, je souscris \u00e0 la n\u00e9cessit\u00e9 d\u2019am\u00e9liorer le remplacement. Il faut utiliser toutes nos marges dans cet int\u00e9r\u00eat. 80 mois demand\u00e9s, cela fait 8 ETP, sur 127 ETP de rempla\u00e7ants dans le 47.&nbsp;\u00bb<\/em><\/p>\n\n\n\n<p class=\"has-medium-font-size\">Conclusion&nbsp;: Aucun cong\u00e9 accord\u00e9 pour l\u2019ann\u00e9e \u00e0 venir.<\/p>\n\n\n\n<p class=\"has-medium-font-size\"><strong>Vote&nbsp;<\/strong>: 7 contre (tous les syndicats)<\/p>\n\n\n\n<p class=\"has-luminous-vivid-orange-color has-text-color has-medium-font-size\"><strong>Commentaire de FO&nbsp;<\/strong>: Il ne suffit pas de dire que le remplacement doit \u00eatre am\u00e9lior\u00e9, il faut r\u00e9clamer les recrutements n\u00e9cessaires, et entendre aussi les demandes des personnels. Or le minist\u00e8re s\u2019y refuse obstin\u00e9ment, malgr\u00e9 les besoins immenses suppl\u00e9mentaires n\u00e9s de la pand\u00e9mie. Il se refuse en particulier \u00e0 recourir \u00e0 la liste compl\u00e9mentaire.<\/p>\n\n\n\n<p class=\"has-vivid-red-color has-text-color has-medium-font-size\"><em><strong>Q<\/strong><u><strong>uestions diverses du Snudi-Fo<\/strong><\/u><\/em><\/p>\n\n\n\n<ul class=\"wp-block-list\">\n<li><strong>Visites m\u00e9dicales Grande section<\/strong><\/li>\n<\/ul>\n\n\n\n<p>&#8211; Qu\u2019en est-il des visites m\u00e9dicales effectu\u00e9es habituellement en fin de grande section&nbsp;?<\/p>\n\n\n\n<p><em><strong>R\u00e9ponse&nbsp;<\/strong><\/em><strong>: L\u2019IA indique qu\u2019ils sont toujours en appel de candidature de recrutement de m\u00e9decins scolaires. A ce jour, nous n\u2019avons que 2,5 m\u00e9decins scolaires sur les 6 m\u00e9decins scolaires dont on disposait auparavant.<\/strong> <strong>Si des besoins sont ressentis sur les \u00e9coles, il faut contacter les secr\u00e9tariats pour que les secteurs soient le plus couverts.<\/strong><\/p>\n\n\n\n<p><strong>Intervention FO<\/strong>&nbsp;: il est dommage que les \u00e9coles de REP ne soient pas prioritaires dans la r\u00e9alisation de ces visites, quand on sait que les \u00e9l\u00e8ves n\u2019auront une visite qu\u2019en CE2. Les m\u00e9decins aujourd\u2019hui sont mobilis\u00e9s sur le COVID et aucune priorit\u00e9 n\u2019a \u00e9t\u00e9 mis sur les \u00e9l\u00e8ves.<\/p>\n\n\n\n<ul class=\"wp-block-list\">\n<li><strong>PE Stagiaires actuels et futurs<\/strong><\/li>\n<\/ul>\n\n\n\n<p>&#8211; Peut-on conna\u00eetre le nombre de PE stagiaires titularis\u00e9s, en prolongement, en renouvellement, en prorogation, d\u00e9missionnaires et licenci\u00e9s&nbsp;?<\/p>\n\n\n\n<p><strong><em>R\u00e9ponse&nbsp;<\/em>: le jury ne s\u2019est pas encore r\u00e9uni, il y a 1 stagiaire en prolongement, 3 en renouvellement, 2 en prorogation et 1 d\u00e9missionnaire.<\/strong><\/p>\n\n\n\n<p>&#8211; Concernant les futurs PE stagiaires 2021-2022, est-il pr\u00e9vu une r\u00e9union d\u00e9but juillet en pr\u00e9sentiel lors de laquelle leur affection leur est donn\u00e9e&nbsp;?<\/p>\n\n\n\n<p><strong><em>R\u00e9ponse&nbsp;<\/em>: la date reste \u00e0 d\u00e9terminer<\/strong><\/p>\n\n\n\n<ul class=\"wp-block-list\">\n<li><strong>Conseil de formation<\/strong><\/li>\n<\/ul>\n\n\n\n<p>&#8211; Quelle est la date pr\u00e9vue du prochain conseil&nbsp;?<\/p>\n\n\n\n<p><strong><em>R\u00e9ponse&nbsp;<\/em>: vendredi 25 juin<\/strong><\/p>\n\n\n\n<ul class=\"wp-block-list\">\n<li><strong>Cong\u00e9 de formation professionnelle<\/strong><\/li>\n<\/ul>\n\n\n\n<p>&#8211; Concernant le cong\u00e9 de formation professionnelle, combien de cong\u00e9s ont-ils \u00e9t\u00e9 accord\u00e9s pour l\u2019ann\u00e9e en cours&nbsp;?<\/p>\n\n\n\n<p><em><strong>R\u00e9ponse&nbsp;<\/strong><\/em>: 1 seul qui n\u2019avait pas pu \u00eatre pris l\u2019ann\u00e9e d\u2019avant pour cause de Covid.<\/p>\n\n\n\n<ul class=\"wp-block-list\">\n<li><strong>Ruptures conventionnelles et d\u00e9missions<\/strong><\/li>\n<\/ul>\n\n\n\n<p>&#8211; Combien de demandes de ruptures conventionnelles ont-elles \u00e9t\u00e9 formul\u00e9es sur le d\u00e9partement&nbsp;?<\/p>\n\n\n\n<p><em><strong>R\u00e9ponse&nbsp;<\/strong><\/em><strong>: 15<\/strong><\/p>\n\n\n\n<p>&#8211; Combien ont-elles \u00e9t\u00e9 accord\u00e9es ?<\/p>\n\n\n\n<p><em><strong>R\u00e9ponse&nbsp;<\/strong><\/em><strong>: 8 accords<\/strong><\/p>\n\n\n\n<ul class=\"wp-block-list\">\n<li><strong>Disponibilit\u00e9<\/strong><\/li>\n<\/ul>\n\n\n\n<p>&#8211; Combien de demandes de disponibilit\u00e9s ont-elles \u00e9t\u00e9 faites, combien accord\u00e9es et refus\u00e9es&nbsp;?<\/p>\n\n\n\n<p><em><strong>R\u00e9ponse&nbsp;<\/strong><\/em><strong>: 7 demandes et toutes refus\u00e9es<\/strong><\/p>\n\n\n\n<ul class=\"wp-block-list\">\n<li><strong>Direction d\u2019\u00e9cole<\/strong><\/li>\n<\/ul>\n\n\n\n<p>&#8211; Deux groupes de travail ont \u00e9t\u00e9 organis\u00e9s concernant les probl\u00e9matiques de la direction d\u2019\u00e9cole, avec la participation des organisations syndicales. Qu\u2019en est-il de la p\u00e9rennit\u00e9 de ces GT et de la synth\u00e8se des r\u00e9unions qui se sont tenues&nbsp;?<\/p>\n\n\n\n<p><em><strong>R\u00e9ponse&nbsp;<\/strong><\/em><strong>: le contenu de la formation a \u00e9volu\u00e9 concernant l\u2019accueil des \u00e9l\u00e8ves \u00e0 besoins particuliers et Onde. Ils verront si de nouveaux groupes seront organis\u00e9s l\u2019ann\u00e9e prochaine.<\/strong><\/p>\n\n\n\n<p>&#8211; Quand allez-vous publier l\u2019appel \u00e0 candidature pour le poste \u00e0 profil de directeur-r\u00e9f\u00e9rent&nbsp;?<\/p>\n\n\n\n<p><em><strong>R\u00e9ponse&nbsp;<\/strong><\/em><strong>: publication au 11 juin<\/strong><\/p>\n\n\n\n<p>&#8211; Si la promotion et le mouvement des fonctionnaires ne rel\u00e8vent plus de la comp\u00e9tence des CAP, l\u2019inscription de nos coll\u00e8gues sur la liste d\u2019aptitude \u00e0 la direction d\u2019\u00e9cole devrait en relever, car en l\u2019\u00e9tat actuel de la r\u00e9glementation celle-ci ne peut \u00eatre consid\u00e9r\u00e9e comme un avancement ou une promotion. Nous demandons donc le r\u00e9tablissement de son examen en CAPD l\u2019ann\u00e9e prochaine.<\/p>\n\n\n\n<p><em><strong>R\u00e9ponse&nbsp;<\/strong><\/em><strong>: ils suivent les consignes du Minist\u00e8re <\/strong><strong>qui indiquent que la liste d\u2019aptitude n\u2019est plus soumise \u00e0 avis de la CAPD.<\/strong><\/p>\n\n\n\n<ul class=\"wp-block-list\">\n<li><strong>Mouvement infra-d\u00e9partemental<\/strong><\/li>\n<\/ul>\n\n\n\n<p>&#8211; Combien de participants ont-ils obtenu un poste parmi leurs v\u0153ux larges&nbsp;?<\/p>\n\n\n\n<p><em><strong>R\u00e9ponse&nbsp;<\/strong><\/em><strong>: 8<\/strong><\/p>\n\n\n\n<p>&#8211; Combien de participants ont-ils \u00e9t\u00e9 affect\u00e9e selon la proc\u00e9dure V999&nbsp;?<\/p>\n\n\n\n<p><em><strong>R\u00e9ponse&nbsp;<\/strong><\/em><strong>: 16<\/strong><\/p>\n\n\n\n<p>&#8211; Combien de coll\u00e8gues restent sans poste \u00e0 l\u2019issue de cette phase informatis\u00e9e&nbsp;?<\/p>\n\n\n\n<p><em><strong>R\u00e9ponse&nbsp;<\/strong><\/em><strong>: 14<\/strong><\/p>\n\n\n\n<ul class=\"wp-block-list\">\n<li><strong>Ineat\/exeat<\/strong><\/li>\n<\/ul>\n\n\n\n<p>&#8211; Combien de demandes avez-re\u00e7ues&nbsp;?<\/p>\n\n\n\n<p><em><strong>R\u00e9ponse&nbsp;<\/strong><\/em><strong>: 27 demandes d\u2019Ineat<\/strong><\/p>\n\n\n\n<p>&#8211; Avez d\u00e9j\u00e0 statu\u00e9 sur certaines d\u2019entre elles&nbsp;?<\/p>\n\n\n\n<p><em><strong>R\u00e9ponse&nbsp;<\/strong><\/em><strong>: 3 exeat accord\u00e9s<\/strong><\/p>\n\n\n\n<ul class=\"wp-block-list\">\n<li><strong>All\u00e9gements de service<\/strong><\/li>\n<\/ul>\n\n\n\n<p>&#8211; Combien de demandes effectu\u00e9es au titre de la prochaine ann\u00e9e scolaire&nbsp;?<\/p>\n\n\n\n<p><em><strong>R\u00e9ponse&nbsp;<\/strong><\/em><strong>: 16<\/strong><\/p>\n\n\n\n<p>&#8211; Combien d\u2019accords et de refus&nbsp;?<\/p>\n\n\n\n<p><em><strong>R\u00e9ponse&nbsp;<\/strong><\/em><strong>: 3 accords et 13 refus, et 2 accord\u00e9s au niveau du GTAA poste<\/strong><strong>s<\/strong><strong> adapt\u00e9<\/strong><strong>s<\/strong><\/p>\n\n\n\n<p><em><strong>4. <\/strong><\/em><em><u><strong>Autres questions diverses<\/strong><\/u><\/em><\/p>\n\n\n\n<ul class=\"wp-block-list\">\n<li>20 PE contractuels recrut\u00e9s, et 5 pour les mesures Covid&nbsp;: 2 ont abandonn\u00e9 leur poste dont 1 qui a souhait\u00e9 passer le concours<\/li>\n\n\n\n<li>4 avis r\u00e9serv\u00e9s pour la validation des oraux de professionnalisation des stagiaires<\/li>\n\n\n\n<li>3 avis n\u00e9gatifs lors de la visite de l\u2019IEN<\/li>\n\n\n\n<li>32 candidatures de M2 alternants<\/li>\n\n\n\n<li>19 postes de titulaires d\u00e9partementaux, qui vont \u00eatre re\u00e7us par circonscription pour choisir leur poste<\/li>\n\n\n\n<li>17 \u00e9tudiants en Master2 alternants seront positionn\u00e9s \u00e0 la rentr\u00e9e sur des d\u00e9charges de direction de 4 classes (r\u00e9forme de la formation).<\/li>\n<\/ul>\n\n\n\n<p><strong>FO d\u00e9nonce cette d\u00e9cision.<\/strong> Les coll\u00e8gues directeurs-trices vont se retrouver \u00ab&nbsp;tuteurs de fait&nbsp;\u00bb sur leur temps de d\u00e9charge, ce qui va encore aggraver leurs conditions de travail. L\u2019IA indique que \u00ab&nbsp;\u00e7a fait partie des missions des directeurs d\u2019aider les jeunes qui rentrent dans le m\u00e9tier.&nbsp;\u00bb&nbsp;!<\/p>\n","protected":false},"excerpt":{"rendered":"<p>D\u00e9clarations liminaires&nbsp;: SNUipp-FSU, SNUDI-FO (Lire notre d\u00e9claration en pi\u00e8ce jointe). Temps Partiels sur autorisation&nbsp;: 35 demandes, 13 refus et 22 accords dont 19 pour raison m\u00e9dicales, 3 pour convenance personnelle. 5 recours formul\u00e9s pour temps partiels refus\u00e9s. L\u2019IA rappelle la r\u00e9glementation&nbsp;: \u00ab&nbsp;Ce n\u2019est pas un droit.&nbsp;On a une probl\u00e9matique de RH. Nos moyens ne nous [&hellip;]<\/p>\n","protected":false},"author":1,"featured_media":0,"comment_status":"closed","ping_status":"open","sticky":false,"template":"","format":"standard","meta":{"footnotes":""},"categories":[96],"tags":[],"class_list":["post-2091","post","type-post","status-publish","format-standard","hentry","category-la-capd-infos-pratiques"],"_links":{"self":[{"href":"https:\/\/snudifo47.net\/new\/wp-json\/wp\/v2\/posts\/2091","targetHints":{"allow":["GET"]}}],"collection":[{"href":"https:\/\/snudifo47.net\/new\/wp-json\/wp\/v2\/posts"}],"about":[{"href":"https:\/\/snudifo47.net\/new\/wp-json\/wp\/v2\/types\/post"}],"author":[{"embeddable":true,"href":"https:\/\/snudifo47.net\/new\/wp-json\/wp\/v2\/users\/1"}],"replies":[{"embeddable":true,"href":"https:\/\/snudifo47.net\/new\/wp-json\/wp\/v2\/comments?post=2091"}],"version-history":[{"count":3,"href":"https:\/\/snudifo47.net\/new\/wp-json\/wp\/v2\/posts\/2091\/revisions"}],"predecessor-version":[{"id":4758,"href":"https:\/\/snudifo47.net\/new\/wp-json\/wp\/v2\/posts\/2091\/revisions\/4758"}],"wp:attachment":[{"href":"https:\/\/snudifo47.net\/new\/wp-json\/wp\/v2\/media?parent=2091"}],"wp:term":[{"taxonomy":"category","embeddable":true,"href":"https:\/\/snudifo47.net\/new\/wp-json\/wp\/v2\/categories?post=2091"},{"taxonomy":"post_tag","embeddable":true,"href":"https:\/\/snudifo47.net\/new\/wp-json\/wp\/v2\/tags?post=2091"}],"curies":[{"name":"wp","href":"https:\/\/api.w.org\/{rel}","templated":true}]}}