{"id":2065,"date":"2021-06-10T14:04:00","date_gmt":"2021-06-10T12:04:00","guid":{"rendered":"https:\/\/snudifo47.net\/new\/?p=2065"},"modified":"2021-12-28T19:39:53","modified_gmt":"2021-12-28T18:39:53","slug":"face-aux-mesures-du-grenelle-opposons-nos-revendications","status":"publish","type":"post","link":"https:\/\/snudifo47.net\/new\/2021\/06\/10\/face-aux-mesures-du-grenelle-opposons-nos-revendications\/","title":{"rendered":"Face aux mesures du \u00ab\u00a0Grenelle\u00a0\u00bb, opposons nos revendications"},"content":{"rendered":"\n<p class=\"has-vivid-red-color has-text-color has-medium-font-size\"><strong>Communiqu\u00e9 de la FNEC FP-FO<\/strong><\/p>\n\n\n\n<p class=\"has-normal-font-size\">Le ministre a r\u00e9uni les organisations syndicales le 26 mai pour annoncer les mesures du \u00ab Grenelle \u00bb. Cette r\u00e9union confirme totalement l\u2019analyse de la FNEC FP-FO : le ministre entend bouleverser le fonctionnement de l\u2019\u00e9cole publique en pi\u00e9tinant les statuts !<br>Que r\u00e9pond-il par exemple lorsque la FNEC FP-FO l\u2019interpelle sur l\u2019exp\u00e9rimentation mise en \u0153uvre dans la Somme, o\u00f9 les rempla\u00e7ants du 1er degr\u00e9 seraient g\u00e9r\u00e9s d\u00e8s le 31 mai non plus par les services de la DSDEN mais par une start-up ? Il confirme que ce dispositif est mis en \u0153uvre avec son accord ! Pire, il entend le g\u00e9n\u00e9raliser pour \u00ab am\u00e9liorer \u00bb la gestion du remplacement qui est selon lui \u00ab probl\u00e9matique \u00bb !<br>Alors qu\u2019il se refuse \u00e0 cr\u00e9er les postes et les recrutements n\u00e9cessaires pour garantir aux \u00e9l\u00e8ves leur droit \u00e0 l\u2019instruction, alors qu\u2019il persiste \u00e0 fermer des classes pour la prochaine rentr\u00e9e, alors qu\u2019il supprime 1800 postes dans le 2nd degr\u00e9, alors qu\u2019il a rendu des centaines de millions au budget 2020\u2026 le ministre prend pr\u00e9texte de la situation chaotique qu\u2019il a lui-m\u00eame cr\u00e9\u00e9e pour avancer vers la privatisation de l\u2019\u00c9cole Publique !<\/p>\n\n\n\n<p><strong>-&gt;<\/strong> Lire <a href=\"https:\/\/fo-snudi.fr\/wp-content\/uploads\/2021\/05\/21-05-28-comm-annonces-du-Grenelle.pdf\">la suite<\/a><\/p>\n\n\n\n<p><a href=\"https:\/\/snudifo47.net\/new\/wp-content\/uploads\/2021\/05\/21-06-10-Dossier-Grenelle1.pdf\"><strong>-&gt;<\/strong> <img decoding=\"async\" class=\"wp-image-2088\" style=\"width: NaNpx;\" src=\"https:\/\/snudifo47.net\/new\/wp-content\/uploads\/2021\/05\/21-06-10-Dossier-Grenelle1.pdf\" alt=\"\">Lire le Bilan du Grenelle<\/a><\/p>\n\n\n\n<p>-&gt; Lire le <a href=\"https:\/\/snudifo47.net\/new\/wp-content\/uploads\/2021\/06\/21_06_13_-_grenelle_et_esprit_d_equipe_-_cr_du_gt.pdf\">communiqu\u00e9 sur le GT \u00ab\u00a0esprit d&rsquo;\u00e9quipe\u00a0\u00bb<\/a><\/p>\n\n\n\n<p>-&gt; Lire le communiqu\u00e9 <a href=\"https:\/\/snudifo47.net\/new\/wp-content\/uploads\/2021\/06\/21-06-25-Communique-Grenelle-PPCR1.pdf\">\u00ab\u00a0une acc\u00e9l\u00e9ration de l\u2019individualisation des carri\u00e8res, dans le prolongement du d\u00e9cret PPCR\u00a0\u00bb<\/a><\/p>\n","protected":false},"excerpt":{"rendered":"<p>Communiqu\u00e9 de la FNEC FP-FO Le ministre a r\u00e9uni les organisations syndicales le 26 mai pour annoncer les mesures du \u00ab Grenelle \u00bb. Cette r\u00e9union confirme totalement l\u2019analyse de la FNEC FP-FO : le ministre entend bouleverser le fonctionnement de l\u2019\u00e9cole publique en pi\u00e9tinant les statuts !Que r\u00e9pond-il par exemple lorsque la FNEC FP-FO l\u2019interpelle [&hellip;]<\/p>\n","protected":false},"author":1,"featured_media":0,"comment_status":"open","ping_status":"open","sticky":false,"template":"","format":"standard","meta":{"footnotes":""},"categories":[2,112],"tags":[],"class_list":["post-2065","post","type-post","status-publish","format-standard","hentry","category-actualite","category-statut-conditions-de-travail-actualite"],"_links":{"self":[{"href":"https:\/\/snudifo47.net\/new\/wp-json\/wp\/v2\/posts\/2065","targetHints":{"allow":["GET"]}}],"collection":[{"href":"https:\/\/snudifo47.net\/new\/wp-json\/wp\/v2\/posts"}],"about":[{"href":"https:\/\/snudifo47.net\/new\/wp-json\/wp\/v2\/types\/post"}],"author":[{"embeddable":true,"href":"https:\/\/snudifo47.net\/new\/wp-json\/wp\/v2\/users\/1"}],"replies":[{"embeddable":true,"href":"https:\/\/snudifo47.net\/new\/wp-json\/wp\/v2\/comments?post=2065"}],"version-history":[{"count":7,"href":"https:\/\/snudifo47.net\/new\/wp-json\/wp\/v2\/posts\/2065\/revisions"}],"predecessor-version":[{"id":2749,"href":"https:\/\/snudifo47.net\/new\/wp-json\/wp\/v2\/posts\/2065\/revisions\/2749"}],"wp:attachment":[{"href":"https:\/\/snudifo47.net\/new\/wp-json\/wp\/v2\/media?parent=2065"}],"wp:term":[{"taxonomy":"category","embeddable":true,"href":"https:\/\/snudifo47.net\/new\/wp-json\/wp\/v2\/categories?post=2065"},{"taxonomy":"post_tag","embeddable":true,"href":"https:\/\/snudifo47.net\/new\/wp-json\/wp\/v2\/tags?post=2065"}],"curies":[{"name":"wp","href":"https:\/\/api.w.org\/{rel}","templated":true}]}}