{"id":204,"date":"2010-10-22T23:18:06","date_gmt":"2010-10-22T21:18:06","guid":{"rendered":"https:\/\/snudifo47.net\/new\/2010\/10\/22\/retraites-les-revendications-de-la-federation-fo-de-lenseignement-fnec-fp-fo\/"},"modified":"2010-10-22T23:18:06","modified_gmt":"2010-10-22T21:18:06","slug":"retraites-les-revendications-de-la-federation-fo-de-lenseignement-fnec-fp-fo","status":"publish","type":"post","link":"https:\/\/snudifo47.net\/new\/2010\/10\/22\/retraites-les-revendications-de-la-federation-fo-de-lenseignement-fnec-fp-fo\/","title":{"rendered":"Retraites : Les revendications de la F\u00e9d\u00e9ration FO de l&rsquo;Enseignement (FNEC-FP FO)"},"content":{"rendered":"<p>Avec la Conf\u00e9d\u00e9ration G\u00e9n\u00e9rale du Travail FO, le Congr\u00e8s de la F\u00e9d\u00e9ration Nationale de l\u2019Enseignement, de la Culture et de la Formation Professionnelle FO affirme que le projet gouvernemental constitue la r\u00e9ponse aux exigences des march\u00e9s financiers, des agences de notations am\u00e9ricaines et de l\u2019Union europ\u00e9enne pour combler les \u00e9normes d\u00e9ficits publics cr\u00e9\u00e9s par les milliards d\u2019euros vers\u00e9s par les Etats aux sp\u00e9culateurs et aux banquiers lors de la crise ouverte en 2008, crise du syst\u00e8me capitaliste.<\/p>\n<p>La FNEC-FP FO, avec sa Conf\u00e9d\u00e9ration confirme les mandats du congr\u00e8s de Lille int\u00e9grant l\u2019exigence du retour aux 37,5 annuit\u00e9s. <\/p>\n<p>Elle  s\u2019oppose :<\/p>\n<p>-au passage de l\u2019\u00e2ge d\u2019ouverture des droits \u00e0 la retraite de 60 \u00e0 62 ans (de 55 -\u00e0 57 ans pour les personnels en service actif),<\/p>\n<p>-au passage de l\u2019\u00e2ge de la retraite sans d\u00e9cote de 65 \u00e0 67 ans,<\/p>\n<p>-\u00e0 l\u2019augmentation du nombre d\u2019annuit\u00e9s de cotisation pour une retraite \u00e0 taux plein. Non aux 41,5 ann\u00e9es, 40 ans, c\u2019est d\u00e9j\u00e0 trop,<\/p>\n<p>-\u00e0 la suppression de la retraite \u00e0 jouissance imm\u00e9diate apr\u00e8s 15 ans de Fonction publique pour les m\u00e8res de famille ayant \u00e9lev\u00e9 3 enfants\u2026<\/p>\n<p>-\u00e0 la remise en cause du Code des pensions civiles et militaires de l\u2019Etat.<\/p>\n<p>-\u00e0 la baisse de salaire des fonctionnaires par l\u2019augmentation de 3% de la \u00ab retenue pour pension \u00bb.<\/p>\n<p><strong>Le contenu du projet de loi est inamendable. Il doit \u00eatre retir\u00e9 purement et simplement retir\u00e9.<\/strong><\/p>\n<p><strong>Le Congr\u00e8s r\u00e9affirme son opposition aux journ\u00e9es d\u2019action \u00e0 r\u00e9p\u00e9tition<\/strong>, aux actions \u00ab originales \u00bb qui envoient la classe ouvri\u00e8re dans le mur. Le Secr\u00e9taire g\u00e9n\u00e9ral de la Conf\u00e9d\u00e9ration a raison :  pour \u00e9tablir le rapport de force, il n\u2019y a pas d\u2019autres solutions que de bloquer le pays.<\/p>\n<p><strong>Le Congr\u00e8s condamne toute tentative, sous quelque forme que ce soit, de faire reporter sur les salari\u00e9s la responsabilit\u00e9 d\u2019un quelconque \u00e9chec dans le combat contre le projet gouvernemental.<\/strong> Nul doute qu\u2019un appel de toutes les conf\u00e9d\u00e9rations \u00e0 la gr\u00e8ve jusqu\u2019au retrait obligerait le gouvernement \u00e0 reculer. De ce point de vue <strong>il est de la responsabilit\u00e9 des conf\u00e9d\u00e9rations de r\u00e9pondre positivement \u00e0 la Conf\u00e9d\u00e9ration FO<\/strong>. <\/p>\n<p><strong>Le Congr\u00e8s soutient sans r\u00e9serve les assembl\u00e9es g\u00e9n\u00e9rales qui se tiennent partout, qui, en ce moment, d\u00e9cident ou pr\u00e9parent la reconduction de la gr\u00e8ve pour exiger le retrait de la r\u00e9forme des retraites. Il est de la responsabilit\u00e9 des F\u00e9d\u00e9rations de l\u2019enseignement de r\u00e9pondre \u00e0 l\u2019appel du congr\u00e8s de la F\u00e9d\u00e9ration FO de l&rsquo;Enseignement<\/strong> (l&rsquo;appel propose une r\u00e9union imm\u00e9diate des f\u00e9d\u00e9rations avec la proposition d\u2019appeler sans d\u00e9lai \u00e0 la gr\u00e8ve jusqu\u2019au retrait).<\/p>\n","protected":false},"excerpt":{"rendered":"<p>Avec la Conf\u00e9d\u00e9ration G\u00e9n\u00e9rale du Travail FO, le Congr\u00e8s de la F\u00e9d\u00e9ration Nationale de l\u2019Enseignement, de la Culture et de la Formation Professionnelle FO affirme que le projet gouvernemental constitue la r\u00e9ponse aux exigences des march\u00e9s financiers, des agences de notations am\u00e9ricaines et de l\u2019Union europ\u00e9enne pour combler les \u00e9normes d\u00e9ficits publics cr\u00e9\u00e9s par les [&hellip;]<\/p>\n","protected":false},"author":1,"featured_media":0,"comment_status":"closed","ping_status":"open","sticky":false,"template":"","format":"standard","meta":{"footnotes":""},"categories":[110],"tags":[],"class_list":["post-204","post","type-post","status-publish","format-standard","hentry","category-retraites-actualite"],"_links":{"self":[{"href":"https:\/\/snudifo47.net\/new\/wp-json\/wp\/v2\/posts\/204","targetHints":{"allow":["GET"]}}],"collection":[{"href":"https:\/\/snudifo47.net\/new\/wp-json\/wp\/v2\/posts"}],"about":[{"href":"https:\/\/snudifo47.net\/new\/wp-json\/wp\/v2\/types\/post"}],"author":[{"embeddable":true,"href":"https:\/\/snudifo47.net\/new\/wp-json\/wp\/v2\/users\/1"}],"replies":[{"embeddable":true,"href":"https:\/\/snudifo47.net\/new\/wp-json\/wp\/v2\/comments?post=204"}],"version-history":[{"count":0,"href":"https:\/\/snudifo47.net\/new\/wp-json\/wp\/v2\/posts\/204\/revisions"}],"wp:attachment":[{"href":"https:\/\/snudifo47.net\/new\/wp-json\/wp\/v2\/media?parent=204"}],"wp:term":[{"taxonomy":"category","embeddable":true,"href":"https:\/\/snudifo47.net\/new\/wp-json\/wp\/v2\/categories?post=204"},{"taxonomy":"post_tag","embeddable":true,"href":"https:\/\/snudifo47.net\/new\/wp-json\/wp\/v2\/tags?post=204"}],"curies":[{"name":"wp","href":"https:\/\/api.w.org\/{rel}","templated":true}]}}