{"id":191,"date":"2010-06-22T08:46:36","date_gmt":"2010-06-22T06:46:36","guid":{"rendered":"https:\/\/snudifo47.net\/new\/2010\/06\/22\/retraites-declaration-de-la-commission-executive-confederale\/"},"modified":"2010-06-22T08:46:36","modified_gmt":"2010-06-22T06:46:36","slug":"retraites-declaration-de-la-commission-executive-confederale","status":"publish","type":"post","link":"https:\/\/snudifo47.net\/new\/2010\/06\/22\/retraites-declaration-de-la-commission-executive-confederale\/","title":{"rendered":"Retraites : d\u00e9claration de la Commission Ex\u00e9cutive Conf\u00e9d\u00e9rale"},"content":{"rendered":"<p>La Commission ex\u00e9cutive conf\u00e9d\u00e9rale se f\u00e9licite du succ\u00e8s de la journ\u00e9e du 15 juin qui a rassembl\u00e9 70.000 manifestants \u00e0 Paris, la plus importante manifestation FORCE OUVRI\u00c8RE depuis longtemps. De ce point de vue le 15 juin est historique.<\/p>\n<p>Ce r\u00e9sultat montre la d\u00e9termination de FORCE OUVRI\u00c8RE et marque, pour la Commission ex\u00e9cutive, la premi\u00e8re \u00e9tape d\u2019une mobilisation indispensable pour obtenir le retrait du projet gouvernemental en mati\u00e8re de retraites.<\/p>\n<p>La Commission ex\u00e9cutive confirme que ce projet est profond\u00e9ment injuste au plan social et inefficace au plan \u00e9conomique. Il se situe dans la droite ligne du plan d\u2019aust\u00e9rit\u00e9 qui veut faire payer aux travailleurs une crise dont ils ne sont en rien responsables.<\/p>\n<p>La Commission ex\u00e9cutive rappelle que FORCE OUVRI\u00c8RE est oppos\u00e9e \u00e0 tout report du droit \u00e0 la retraite \u00e0 60 ans et ses cons\u00e9quences, \u00e0 tout allongement de la dur\u00e9e de cotisation, \u00e0 toute remise en cause du code des pensions et revendique des ressources nouvelles pour le financement des retraites et de la p\u00e9nibilit\u00e9 au travail dans le priv\u00e9 et dans le public, ce \u00e0 quoi ne r\u00e9pondent pas les soi-disant ouvertures du gouvernement.<\/p>\n<p>Face \u00e0 un projet que le gouvernement affirme inamovible sur l\u2019essentiel, la Commission ex\u00e9cutive approuve la d\u00e9cision du bureau conf\u00e9d\u00e9ral de ne pas s\u2019\u00eatre rendu \u00e0 une concertation alibi. <\/p>\n<p>La Commission ex\u00e9cutive marque la d\u00e9termination de Force Ouvri\u00e8re \u00e0 s\u2019engager pleinement <strong>pour un retrait du projet gouvernemental<\/strong> et sa volont\u00e9 de tout mettre en \u0153uvre pour y parvenir.<\/p>\n<p>Concernant les modalit\u00e9s d\u2019action, la Commission ex\u00e9cutive confirme, compte tenu de l\u2019exp\u00e9rience, que si les manifestations ne suffisent pas, la n\u00e9cessit\u00e9 d\u2019une journ\u00e9e de gr\u00e8ve interprofessionnelle reste pos\u00e9e.<\/p>\n<p>Pour la Commission ex\u00e9cutive, le mot d\u2019ordre de retrait du projet gouvernemental permet de rassembler clairement les salari\u00e9s et de solidifier une action commune. D\u2019ailleurs, d\u2019ores et d\u00e9j\u00e0, au niveau local, dans des entreprises ou des administrations, un tel mot d\u2019ordre permet une action commune ou conjointe. Ce qui est possible localement doit l\u2019\u00eatre nationalement.<\/p>\n<p>La Commission ex\u00e9cutive appelle ses structures \u00e0 militer, expliquer et convaincre \u00e0 tous les niveaux pour qu\u2019une telle action commune puisse se g\u00e9n\u00e9raliser \u00e0 la rentr\u00e9e. C\u2019est ce que FORCE OUVRI\u00c8RE expliquera aux autres syndicats lors de la r\u00e9union du 29 juin.<\/p>\n<p><em>Adopt\u00e9e \u00e0 l\u2019unanimit\u00e9.<\/em><\/p>\n","protected":false},"excerpt":{"rendered":"<p>La Commission ex\u00e9cutive conf\u00e9d\u00e9rale se f\u00e9licite du succ\u00e8s de la journ\u00e9e du 15 juin qui a rassembl\u00e9 70.000 manifestants \u00e0 Paris, la plus importante manifestation FORCE OUVRI\u00c8RE depuis longtemps. De ce point de vue le 15 juin est historique. Ce r\u00e9sultat montre la d\u00e9termination de FORCE OUVRI\u00c8RE et marque, pour la Commission ex\u00e9cutive, la premi\u00e8re [&hellip;]<\/p>\n","protected":false},"author":1,"featured_media":0,"comment_status":"closed","ping_status":"open","sticky":false,"template":"","format":"standard","meta":{"footnotes":""},"categories":[110],"tags":[],"class_list":["post-191","post","type-post","status-publish","format-standard","hentry","category-retraites-actualite"],"_links":{"self":[{"href":"https:\/\/snudifo47.net\/new\/wp-json\/wp\/v2\/posts\/191","targetHints":{"allow":["GET"]}}],"collection":[{"href":"https:\/\/snudifo47.net\/new\/wp-json\/wp\/v2\/posts"}],"about":[{"href":"https:\/\/snudifo47.net\/new\/wp-json\/wp\/v2\/types\/post"}],"author":[{"embeddable":true,"href":"https:\/\/snudifo47.net\/new\/wp-json\/wp\/v2\/users\/1"}],"replies":[{"embeddable":true,"href":"https:\/\/snudifo47.net\/new\/wp-json\/wp\/v2\/comments?post=191"}],"version-history":[{"count":0,"href":"https:\/\/snudifo47.net\/new\/wp-json\/wp\/v2\/posts\/191\/revisions"}],"wp:attachment":[{"href":"https:\/\/snudifo47.net\/new\/wp-json\/wp\/v2\/media?parent=191"}],"wp:term":[{"taxonomy":"category","embeddable":true,"href":"https:\/\/snudifo47.net\/new\/wp-json\/wp\/v2\/categories?post=191"},{"taxonomy":"post_tag","embeddable":true,"href":"https:\/\/snudifo47.net\/new\/wp-json\/wp\/v2\/tags?post=191"}],"curies":[{"name":"wp","href":"https:\/\/api.w.org\/{rel}","templated":true}]}}