{"id":1228,"date":"2019-02-08T17:13:19","date_gmt":"2019-02-08T16:13:19","guid":{"rendered":"http:\/\/localhost:8080\/wordpress\/index.php\/2019\/02\/08\/on-acheve-bien-le-mouvement-departemental\/"},"modified":"2019-02-08T17:13:19","modified_gmt":"2019-02-08T16:13:19","slug":"on-acheve-bien-le-mouvement-departemental","status":"publish","type":"post","link":"https:\/\/snudifo47.net\/new\/2019\/02\/08\/on-acheve-bien-le-mouvement-departemental\/","title":{"rendered":"On ach\u00e8ve bien&#8230; le mouvement d\u00e9partemental."},"content":{"rendered":"<p>Comme beaucoup d&rsquo;entre vous l&rsquo;ont peut-\u00eatre not\u00e9, les demandes de temps partiel devront \u00eatre d\u00e9pos\u00e9es <strong>au plus tard le &#8230;22 f\u00e9vrier<\/strong>, et non pas le 31 mars, comme d&rsquo;habitude, et comme annonc\u00e9 dans la note de service du 5 d\u00e9cembre 2018. (voir le COEE)<\/p>\n<p>Pourquoi avancer de plus d&rsquo;un mois cette \u00e9ch\u00e9ance ?<\/p>\n<p>Pour pouvoir mettre en place la phase unique du mouvement, pour que tous les postes fractionn\u00e9s puissent \u00eatre constitu\u00e9s avant l&rsquo;ouverture de celle-ci&#8230; <\/p>\n<p>D&rsquo;ailleurs, il est \u00e0 noter que la date du groupe de travail \u00ab\u00a0Mouvement\u00a0\u00bb, pressentie le 15 f\u00e9vrier, est report\u00e9e une fois encore. Cela s&rsquo;agite beaucoup dans notre administration et cela n&rsquo;augure rien de bon. Mais enfin pourquoi l&rsquo;\u00e9cole de la \u00ab\u00a0confiance\u00a0\u00bb ne nous en inspire-t-elle gu\u00e8re ?<\/p>\n","protected":false},"excerpt":{"rendered":"<p>Comme beaucoup d&rsquo;entre vous l&rsquo;ont peut-\u00eatre not\u00e9, les demandes de temps partiel devront \u00eatre d\u00e9pos\u00e9es au plus tard le &#8230;22 f\u00e9vrier, et non pas le 31 mars, comme d&rsquo;habitude, et comme annonc\u00e9 dans la note de service du 5 d\u00e9cembre 2018. (voir le COEE) Pourquoi avancer de plus d&rsquo;un mois cette \u00e9ch\u00e9ance ? Pour pouvoir [&hellip;]<\/p>\n","protected":false},"author":1,"featured_media":0,"comment_status":"closed","ping_status":"open","sticky":false,"template":"","format":"standard","meta":{"footnotes":""},"categories":[97],"tags":[],"class_list":["post-1228","post","type-post","status-publish","format-standard","hentry","category-la-lettre-dinformation-actualite"],"_links":{"self":[{"href":"https:\/\/snudifo47.net\/new\/wp-json\/wp\/v2\/posts\/1228","targetHints":{"allow":["GET"]}}],"collection":[{"href":"https:\/\/snudifo47.net\/new\/wp-json\/wp\/v2\/posts"}],"about":[{"href":"https:\/\/snudifo47.net\/new\/wp-json\/wp\/v2\/types\/post"}],"author":[{"embeddable":true,"href":"https:\/\/snudifo47.net\/new\/wp-json\/wp\/v2\/users\/1"}],"replies":[{"embeddable":true,"href":"https:\/\/snudifo47.net\/new\/wp-json\/wp\/v2\/comments?post=1228"}],"version-history":[{"count":0,"href":"https:\/\/snudifo47.net\/new\/wp-json\/wp\/v2\/posts\/1228\/revisions"}],"wp:attachment":[{"href":"https:\/\/snudifo47.net\/new\/wp-json\/wp\/v2\/media?parent=1228"}],"wp:term":[{"taxonomy":"category","embeddable":true,"href":"https:\/\/snudifo47.net\/new\/wp-json\/wp\/v2\/categories?post=1228"},{"taxonomy":"post_tag","embeddable":true,"href":"https:\/\/snudifo47.net\/new\/wp-json\/wp\/v2\/tags?post=1228"}],"curies":[{"name":"wp","href":"https:\/\/api.w.org\/{rel}","templated":true}]}}