{"id":1215,"date":"2018-11-16T10:56:13","date_gmt":"2018-11-16T09:56:13","guid":{"rendered":"http:\/\/localhost:8080\/wordpress\/index.php\/2018\/11\/16\/ctm-6-novembre-note-de-service-mouvement-fo-cgt-fsu-unsa-cfdt-votent-contre-le-ministre-doit-retirer-sa-note-de-service\/"},"modified":"2018-11-16T10:56:13","modified_gmt":"2018-11-16T09:56:13","slug":"ctm-6-novembre-note-de-service-mouvement-fo-cgt-fsu-unsa-cfdt-votent-contre-le-ministre-doit-retirer-sa-note-de-service","status":"publish","type":"post","link":"https:\/\/snudifo47.net\/new\/2018\/11\/16\/ctm-6-novembre-note-de-service-mouvement-fo-cgt-fsu-unsa-cfdt-votent-contre-le-ministre-doit-retirer-sa-note-de-service\/","title":{"rendered":"CTM 6 novembre : note de service Mouvement &#8211; FO, CGT, FSU, UNSA, CFDT votent contre &#8211; Le ministre doit retirer sa note de service."},"content":{"rendered":"<p class=\"post_excerpt\">A l\u2019initiative du SNUDI-FO les organisations syndicales du 1er degr\u00e9 FO, CGT, FSU, UNSA ont adopt\u00e9 une d\u00e9claration commune et un courrier commun au ministre pour s\u2019opposer aux orientations du ministre sur le droit \u00e0 mutation qui se conclut par :<br \/>\n\u00ab (\u2026) A ces orientations, les organisations syndicales SNUipp-FSU, SE-UNSA, SNUDI FO et CGT Educ\u2019action opposent :<br \/>\n&#8211; Le maintien de l\u2019AGS comme \u00e9l\u00e9ment essentiel du bar\u00e8me pour tous les postes,<br \/>\n&#8211; La suppression des postes profil\u00e9s au profit de postes \u00e0 exigences particuli\u00e8res,<br \/>\n&#8211; Le maintien de la seconde phase du mouvement dans les d\u00e9partements o\u00f9 elle existait et leur r\u00e9tablissement dans les autres,<br \/>\n&#8211; Le maintien de l\u2019affectation sur des postes pr\u00e9cis et non sur des zones,<br \/>\n&#8211; Le respect du caract\u00e8re non obligatoire des v\u0153ux g\u00e9ographiques,<br \/>\n&#8211; L\u2019affectation \u00e0 titre provisoire des coll\u00e8gues actuellement sans poste \u00e0 titre d\u00e9finitif et qui n\u2019obtiendraient aucun poste pr\u00e9cis\u00e9ment demand\u00e9 au mouvement,<br \/>\n&#8211; L\u2019examen des notes de service d\u00e9partementales du mouvement en CAPD,<br \/>\n&#8211; L\u2019augmentation du nombre de v\u0153ux. \u00bb<\/p>\n<p>> Lire la suite en pi\u00e8ce jointe et le courrier au ministre ci-dessous.<\/p>\n<p><doc918|center>\n<\/p>\n<p><!--more--><br \/>\nParis, le 07 novembre 2018<br \/>\nMonsieur Jean-Michel BLANQUER<br \/>\nMinistre de l\u2019Education nationale<br \/>\n110 rue de Grenelle<br \/>\n75357 Paris 07 SP<\/p>\n<p>Monsieur le Ministre,<\/p>\n<p>Le projet de note de service mobilit\u00e9 des enseignants du 1er degr\u00e9 a \u00e9t\u00e9 pr\u00e9sent\u00e9 lors de groupe de travail les 8 et 18 octobre. R\u00e9unions au cours desquelles les organisations syndicales ont fait part de leur d\u00e9saccord sur les orientations poursuivies par votre minist\u00e8re concernant le mouvement intra-d\u00e9partemental.<\/p>\n<p><strong>La premi\u00e8re de ces orientations c\u2019est un mouvement en une seule phase<\/strong> : une seule saisie de v\u0153ux, une seule op\u00e9ration d\u2019affectation et \u00e9ventuellement, \u00e0 la marge, des affectations compl\u00e9mentaires. Penser que cela peut fonctionner est le signe d\u2019une m\u00e9connaissance compl\u00e8te du 1er degr\u00e9. De nombreux d\u00e9partements, qui en 2008 avaient suivi les instructions de la note de service en organisant une seule phase de mouvement, sont depuis revenus \u00e0 un mouvement en plusieurs phases en raison des difficult\u00e9s de mise en \u0153uvre et de la grande insatisfaction des enseignants.<\/p>\n<p><strong>La seconde orientation, li\u00e9e \u00e0 la premi\u00e8re, c\u2019est l\u2019affectation \u00e0 titre d\u00e9finitif<\/strong>. Si vous \u00eates revenu sur l\u2019affectation \u00e0 titre d\u00e9finitif de tous les coll\u00e8gues (hors d\u00e9tention de titre), cette orientation n\u2019a pas disparu. L\u2019obligation de saisir des v\u0153ux \u00ab larges \u00bb pour les enseignants sans poste devant participer au mouvement va engendrer, m\u00e9contentement, insatisfaction voire souffrance au travail pour celles et ceux qui pourraient ainsi se retrouver \u00ab prisonniers \u00bb pendant plusieurs ann\u00e9es d\u2019un poste obtenu sur un v\u0153u large forc\u00e9.<\/p>\n<p>De plus, nous contestons<strong> la double peine des enseignants ayant subi une fermeture de classe<\/strong>, qui en plus de la perte de leur affectation, pourraient \u00eatre nomm\u00e9s \u00e0 titre d\u00e9finitif \u00e0 partir d\u2019un v\u0153u large forc\u00e9 sans maintien des points de priorit\u00e9 pour participer au mouvement de l\u2019ann\u00e9e suivante et obtenir une affectation choisie.<\/p>\n<p>La cr\u00e9ation en nombre de postes de titulaires de secteur, pour toujours plus d\u2019affectation \u00e0 titre d\u00e9finitif, ne doit pas se faire au d\u00e9triment des enseignants. Nous nous opposons \u00e0 la mise en place de coquilles vides rattach\u00e9es \u00e0 une circonscription dont les enseignants ne connaitraient la composition pour l\u2019ann\u00e9e \u00e0 venir qu\u2019apr\u00e8s y avoir \u00e9t\u00e9 affect\u00e9s.<br \/>\n<strong>Les postes de titulaire de secteur doivent correspondre \u00e0 des postes fractionn\u00e9s d\u00e9finis<\/strong> et \u00eatre rattach\u00e9s \u00e0 une \u00e9cole.<\/p>\n<p>A ces orientations, les organisations syndicales SNUipp-FSU, SE-UNSA, SNUDI-FO, CGT Educ\u2019action et SUD Education opposent :<br \/>\nLe maintien, de fa\u00e7on claire et explicite dans la note de service, de l\u2019AGS comme \u00e9l\u00e9ment essentiel du bar\u00e8me pour tous les postes.<br \/>\n\u25baNous renouvelons notre demande que les notes de service soient, en tout \u00e9tat de cause, \u00e9tudi\u00e9es dans le cadre des CAPD. Si le CTSD devait \u00eatre consult\u00e9 cela ne pourrait \u00eatre que sur les \u00e9l\u00e9ments de bar\u00e8me ;<br \/>\n\u25baLe maintien de l\u2019affectation uniquement sur des postes pr\u00e9cis et non sur des postes zones g\u00e9ographiques, formulation ambig\u00fce qui doit \u00eatre retir\u00e9e de la note de service ;<br \/>\n\u25baLa suppression des postes profil\u00e9s au profit de postes \u00e0 exigences particuli\u00e8res ;<br \/>\n\u25baLe maintien de la seconde phase du mouvement dans les d\u00e9partements o\u00f9 elle existait et leur r\u00e9tablissement dans les autres ;<br \/>\n\u25baLe respect du caract\u00e8re non obligatoire des voeux g\u00e9ographiques ;<br \/>\n\u25baL\u2019affectation \u00e0 titre provisoire des coll\u00e8gues actuellement sans poste \u00e0 titre d\u00e9finitif et qui n\u2019obtiendraient aucun poste pr\u00e9cis\u00e9ment demand\u00e9 au mouvement ;<br \/>\n\u25baL\u2019augmentation du nombre de voeux.<\/p>\n<p>En outre, pour les organisations syndicales signataires, les mesures que vous proposez vont encore d\u00e9grader les conditions de travail des personnels administratifs. Personnels qui ont appris la suppression de 400 postes apr\u00e8s avoir d\u00e9j\u00e0 subi de nombreuses suppressions de postes et de restructuration.<\/p>\n<p>Sans r\u00e9ponse positive de votre part sur ces revendications, les organisations syndicales SNUipp-FSU, SE-UNSA, SNUDIFO, CGT Educ\u2019action et SUD Education prendront alors toutes leurs responsabilit\u00e9s pour mobiliser les personnels.<\/p>\n<p><strong>Francette POPINEAU<\/strong> Co-Secr\u00e9taire G\u00e9n\u00e9rale SNUipp-FSU<br \/>\n<strong>Norbert TRICHARD<\/strong> Secr\u00e9taire G\u00e9n\u00e9ral SNUDI-FO<br \/>\n<strong>Fatna SEGHROUCHNI<\/strong> Co-Secr\u00e9taire F\u00e9derale SUD-Education<br \/>\n<strong>St\u00e9phane CROCHET<\/strong> Secr\u00e9taire G\u00e9n\u00e9ral SE-UNSA<br \/>\n<strong>Patrick DESIR\u00c9<\/strong> Secr\u00e9taire G\u00e9n\u00e9ral CGT Educ\u2019Action<\/p>\n","protected":false},"excerpt":{"rendered":"<p>A l\u2019initiative du SNUDI-FO les organisations syndicales du 1er degr\u00e9 FO, CGT, FSU, UNSA ont adopt\u00e9 une d\u00e9claration commune et un courrier commun au ministre pour s\u2019opposer aux orientations du ministre sur le droit \u00e0 mutation qui se conclut par : \u00ab (\u2026) A ces orientations, les organisations syndicales SNUipp-FSU, SE-UNSA, SNUDI FO et CGT [&hellip;]<\/p>\n","protected":false},"author":1,"featured_media":0,"comment_status":"closed","ping_status":"open","sticky":false,"template":"","format":"standard","meta":{"footnotes":""},"categories":[105],"tags":[],"class_list":["post-1215","post","type-post","status-publish","format-standard","hentry","category-mouvement-departemental-et-national"],"_links":{"self":[{"href":"https:\/\/snudifo47.net\/new\/wp-json\/wp\/v2\/posts\/1215","targetHints":{"allow":["GET"]}}],"collection":[{"href":"https:\/\/snudifo47.net\/new\/wp-json\/wp\/v2\/posts"}],"about":[{"href":"https:\/\/snudifo47.net\/new\/wp-json\/wp\/v2\/types\/post"}],"author":[{"embeddable":true,"href":"https:\/\/snudifo47.net\/new\/wp-json\/wp\/v2\/users\/1"}],"replies":[{"embeddable":true,"href":"https:\/\/snudifo47.net\/new\/wp-json\/wp\/v2\/comments?post=1215"}],"version-history":[{"count":0,"href":"https:\/\/snudifo47.net\/new\/wp-json\/wp\/v2\/posts\/1215\/revisions"}],"wp:attachment":[{"href":"https:\/\/snudifo47.net\/new\/wp-json\/wp\/v2\/media?parent=1215"}],"wp:term":[{"taxonomy":"category","embeddable":true,"href":"https:\/\/snudifo47.net\/new\/wp-json\/wp\/v2\/categories?post=1215"},{"taxonomy":"post_tag","embeddable":true,"href":"https:\/\/snudifo47.net\/new\/wp-json\/wp\/v2\/tags?post=1215"}],"curies":[{"name":"wp","href":"https:\/\/api.w.org\/{rel}","templated":true}]}}