{"id":1137,"date":"2016-11-24T17:48:32","date_gmt":"2016-11-24T16:48:32","guid":{"rendered":"http:\/\/localhost:8080\/wordpress\/index.php\/2016\/11\/24\/ris-changement-de-departement-evaluation-des-enseignants-conseils-ecoles-college-psychologues-scolaires\/"},"modified":"2016-11-24T17:48:32","modified_gmt":"2016-11-24T16:48:32","slug":"ris-changement-de-departement-evaluation-des-enseignants-conseils-ecoles-college-psychologues-scolaires","status":"publish","type":"post","link":"https:\/\/snudifo47.net\/new\/2016\/11\/24\/ris-changement-de-departement-evaluation-des-enseignants-conseils-ecoles-college-psychologues-scolaires\/","title":{"rendered":"RIS | Changement de d\u00e9partement | Evaluation des enseignants | Conseils \u00e9coles-coll\u00e8ge | Psychologues scolaires"},"content":{"rendered":"<h2>Participez massivement aux prochaines RIS organis\u00e9es par le SNUDIFO47<\/h2>\n<p><strong>Les deux prochaines R\u00e9unions d&rsquo;Information Syndicale :<br \/>\n> Mardi 29 novembre \u00e0 17 heures : MARMANDE &#8211; Ecole \u00e9l\u00e9mentaire Edouard-Herriot<br \/>\n> Jeudi 1er d\u00e9cembre \u00e0 17 h 30 : VILLENEUVE SUR LOT &#8211; Mairie, salle 4<\/p>\n<p>Les RIS programm\u00e9es de janvier \u00e0 juin 2017 :<br \/>\n> Castillonn\u00e8s<br \/>\n> Viller\u00e9al<br \/>\n> Saint-Pardoux-Isaac<br \/>\n> Beauville<br \/>\n> Agen (sp\u00e9cial mouvement)<br \/>\n> N\u00e9rac<br \/>\n> Bo\u00e9<\/strong><\/p>\n<p>Pour venir s\u2019informer et d\u00e9battre, pour commencer \u00e0 regrouper les forces : participez massivement aux RIS (r\u00e9unions d\u2019information syndicale) organis\u00e9es par le SNUDIFO47.<\/p>\n<p><strong>Ne restez pas isol\u00e9s !<\/strong><br \/>\nVous avez droit \u00e0 <strong>3 RIS par ann\u00e9e scolaire<\/strong>, \u00e0 d\u00e9duire des 18 heures d\u2019animations p\u00e9dagogiques. Venez poser vos questions.<\/p>\n<p><doc769|center><\/p>\n<h2>Changer de d\u00e9partement<\/h2>\n<p>Pour rappel, les inscriptions dans l\u2019application SIAM seront closes le <strong>mardi 6 d\u00e9cembre \u00e0 12 h 00<\/strong>. Vous trouverez toutes les informations utiles sur les d\u00e9marches \u00e0 effectuer dans le guide pratique, ainsi qu&rsquo;une fiche de suivi \u00e0 retourner au syndicat dans notre lettre d&rsquo;inFO du 17 novembre.<br \/>\nNous mettons \u00e0 votre disposition cette semaine un tutoriel pour vous aider \u00e0 effectuer votre demande.<br \/>\n<strong>Pour toutes questions, contacter le syndicat.<\/strong><\/p>\n<p><doc770|center><\/p>\n<h2>Nouvelle \u00e9valuation des enseignants<\/h2>\n<p><strong>A l&rsquo;occasion des trois premi\u00e8res RIS organis\u00e9es par le SNUDIFO47, 48 professeurs des \u00e9coles se prononcent pour l&rsquo;abandon du protocole PPCR et du projet gouvernemental d&rsquo;\u00e9valuation des enseignants qui en d\u00e9coule.<\/strong><\/p>\n<p>Vous pourrez lire en pi\u00e8ce jointe la <strong>motion adopt\u00e9e par les participants \u00e0 la RIS d&rsquo;Aiguillon<\/strong> du 22 novembre.<br \/>\nNous invitons l&rsquo;ensemble des professeurs des \u00e9coles \u00e0 <strong>signer la p\u00e9tition<\/strong> ci-jointe.<\/p>\n<p><doc771|center><br \/>\n<doc772|center><\/p>\n<h2>Conseils \u00e9coles-coll\u00e8ge : un rappel n\u00e9cessaire<\/h2>\n<p>Les coll\u00e8gues sont actuellement destinataires de courriels leur enjoignant de participer \u00e0 des r\u00e9unions de conseils \u00e9coles-coll\u00e8ge.<br \/>\nL&rsquo;administration indique que le temps consacr\u00e9 \u00e0 ces r\u00e9unions doit \u00eatre d\u00e9compter des 108 heures. Outre que ces derni\u00e8res ne sont pas un ballon de baudruche extensible \u00e0 l&rsquo;infini, cela pose des probl\u00e8mes que nous avions d\u00e9j\u00e0 soulev\u00e9s il y a un an en CAPD. Si ces conseils \u00e9coles-coll\u00e8ge ont une existence r\u00e9glementaire (article 57 de la loi du 8 juillet 2013 et d\u00e9cret du 24 juillet 2013), il faut savoir que :<br \/>\n&#8211; la participation \u00e0 ces conseils ne rel\u00e8ve pas pour l&rsquo;heure de nos obligations de service;<br \/>\n&#8211; ils ne peuvent se faire que sur la base du volontariat et sur proposition du conseil des ma\u00eetres, et non sur d\u00e9signation de l&rsquo;IEN;<br \/>\n&#8211; en l&rsquo;absence d&rsquo;ordre de mission, les d\u00e9placements qui y sont li\u00e9s ne sont pas pris en compte financi\u00e8rement , et il n&rsquo;y a pas de couverture en cas d&rsquo;accident sur le trajet.<\/p>\n<p>Rappelons ce que nous \u00e9crivions il y a un an : \u00ab\u00a0Concernant la couverture en cas d&rsquo;accident, l&rsquo;administration indique que les personnels sont couverts de fait.<br \/>\nElle a conc\u00e9d\u00e9 qu&rsquo;il s&rsquo;agissait bien d&rsquo;une invitation pour laquelle l&rsquo;agent ne peut pr\u00e9tendre \u00e0 des frais de d\u00e9placement. Enfin, \u00ab de notre c\u00f4t\u00e9, il y a de la souplesse ; nous travaillons avec le plus de bienveillance possible, sans pression \u00bb, a pr\u00e9cis\u00e9 un IEN. Pour nous, il n&rsquo;y a donc pas, pour cette ann\u00e9e scolaire, d&rsquo;obligation \u00e0 assister \u00e0 ces r\u00e9unions.\u00a0\u00bb<br \/>\n<strong>En l&rsquo;\u00e9tat actuel de la r\u00e9glementation, cela reste vrai : aucun coll\u00e8gue \u00e0 cette \u00e9tape de ne peut \u00eatre contraint de participer au conseil \u00e9coles-coll\u00e8ge et aux commissions qui en d\u00e9coulent.<\/strong><\/p>\n","protected":false},"excerpt":{"rendered":"<p>Participez massivement aux prochaines RIS organis\u00e9es par le SNUDIFO47 Les deux prochaines R\u00e9unions d&rsquo;Information Syndicale : > Mardi 29 novembre \u00e0 17 heures : MARMANDE &#8211; Ecole \u00e9l\u00e9mentaire Edouard-Herriot > Jeudi 1er d\u00e9cembre \u00e0 17 h 30 : VILLENEUVE SUR LOT &#8211; Mairie, salle 4 Les RIS programm\u00e9es de janvier \u00e0 juin 2017 : > [&hellip;]<\/p>\n","protected":false},"author":1,"featured_media":0,"comment_status":"closed","ping_status":"open","sticky":false,"template":"","format":"standard","meta":{"footnotes":""},"categories":[97],"tags":[],"class_list":["post-1137","post","type-post","status-publish","format-standard","hentry","category-la-lettre-dinformation-actualite"],"_links":{"self":[{"href":"https:\/\/snudifo47.net\/new\/wp-json\/wp\/v2\/posts\/1137","targetHints":{"allow":["GET"]}}],"collection":[{"href":"https:\/\/snudifo47.net\/new\/wp-json\/wp\/v2\/posts"}],"about":[{"href":"https:\/\/snudifo47.net\/new\/wp-json\/wp\/v2\/types\/post"}],"author":[{"embeddable":true,"href":"https:\/\/snudifo47.net\/new\/wp-json\/wp\/v2\/users\/1"}],"replies":[{"embeddable":true,"href":"https:\/\/snudifo47.net\/new\/wp-json\/wp\/v2\/comments?post=1137"}],"version-history":[{"count":0,"href":"https:\/\/snudifo47.net\/new\/wp-json\/wp\/v2\/posts\/1137\/revisions"}],"wp:attachment":[{"href":"https:\/\/snudifo47.net\/new\/wp-json\/wp\/v2\/media?parent=1137"}],"wp:term":[{"taxonomy":"category","embeddable":true,"href":"https:\/\/snudifo47.net\/new\/wp-json\/wp\/v2\/categories?post=1137"},{"taxonomy":"post_tag","embeddable":true,"href":"https:\/\/snudifo47.net\/new\/wp-json\/wp\/v2\/tags?post=1137"}],"curies":[{"name":"wp","href":"https:\/\/api.w.org\/{rel}","templated":true}]}}